{"id":270,"date":"2023-05-01T14:15:45","date_gmt":"2023-05-01T19:15:45","guid":{"rendered":"https:\/\/alcesuvoz.wichita.edu\/2023\/05\/01\/taking-alce-su-voz-workshops-to-southwest-kansas-provides-information-about-barriers-to-health-care\/"},"modified":"2025-04-10T19:24:08","modified_gmt":"2025-04-11T00:24:08","slug":"taking-alce-su-voz-workshops-to-southwest-kansas-provides-information-about-barriers-to-health-care","status":"publish","type":"post","link":"https:\/\/alcesuvoz.wichita.edu\/es\/2023\/05\/01\/taking-alce-su-voz-workshops-to-southwest-kansas-provides-information-about-barriers-to-health-care\/","title":{"rendered":"Alce su voz ha llevado sus talleres al suroeste de Kansas"},"content":{"rendered":"<p>\u00bfSab\u00eda que m\u00e1s del 50% de la poblaci\u00f3n en los condados de Ford, Seward y Finney en el suroeste rural de Kansas es hispana\/latina?<\/p>\n<p><\/p>\n<p class=\"translation-block\">Dodge City, en el condado Ford, en Kansas, a menudo se representaba en las pel\u00edculas de vaqueros y del oeste, y se asociaba con la frase \u00abLargu\u00e9monos de Dodge\u00bb (Get the hell out of Dodge). Pero Dodge no es la misma que sol\u00eda ser en tiempos del lejano oeste. Seg\u00fan el censo de los Estados Unidos, el 64.6% de la poblaci\u00f3n de Dodge City (en el condado Ford, en Kansas) se identifica como hispana o latina, el 27.7% de la poblaci\u00f3n naci\u00f3 en el extranjero y el 57.2% de la poblaci\u00f3n de 5 a\u00f1os o m\u00e1s vive en un hogar donde se habla un idioma distinto al ingl\u00e9s. Adem\u00e1s del espa\u00f1ol, una parte considerable de la poblaci\u00f3n de Dodge City habla lenguas mayas. Gracias a nuestro financiamiento actual del programa <a href=\"https:\/\/www.increasethereach.com\/\" target=\"_blank\" rel=\"noopener\">Increase the Reach<\/a>, de la <a href=\"https:\/\/www.increasethereach.com\/\" target=\"_blank\" rel=\"noopener\">Increase the Reach<\/a> program, the <a href=\"https:\/\/www.minorityhealth.hhs.gov\/\" target=\"_blank\" rel=\"noopener\">Oficina de salud de las minor\u00edas<\/a> y de la fundaci\u00f3n <a href=\"https:\/\/kansashealth.org\/\" target=\"_blank\" rel=\"noopener\">Kansas Health Foundation<\/a>, ALCE SU VOZ est\u00e1 enter\u00e1ndose de las barreras que afectan la equidad en la salud en el suroeste de Kansas y est\u00e1 trabajando para conectar a los hispanohablantes y hablantes de lenguas mayas que viven en la regi\u00f3n con recursos e informaci\u00f3n necesaria.<\/p>\n<p><\/p>\n<p class=\"translation-block\">Nuestra primera reuni\u00f3n comunitaria en el suroeste de Kansas se llev\u00f3 a cabo en una iglesia en Dodge City el 19 de febrero. Los objetivos de la reuni\u00f3n fueron conocer las barreras de acceso a la atenci\u00f3n m\u00e9dica y la equidad en la vacunaci\u00f3n en las comunidades mayas de Kansas, brindar informaci\u00f3n sobre el acceso a los servicios de salud y aclarar cualquier concepto err\u00f3neo sobre los procedimientos de vacunaci\u00f3n. La reuni\u00f3n fue organizada en colaboraci\u00f3n por ALCE SU VOZ y Genesis Family Health, una cl\u00ednica comunitaria que atiende al suroeste de Kansas. La doctora Ximena Garc\u00eda, directora principal de Equidad en la Vacunaci\u00f3n de la gobernadora Laura Kelly, tambi\u00e9n hab\u00eda planeado asistir a la reuni\u00f3n, pero no pudo hacerlo ya que la fecha original de la reuni\u00f3n se reprogram\u00f3 debido a una tormenta de nieve.<\/p>\n<p><\/p>\n<p class=\"translation-block\">En mi <u><a href=\"https:\/\/alcesuvoz.wichita.edu\/es\/post\/formando-una-coalicin-con-las-comunidades-mayas-en-coffeyville\/\" target=\"_blank\" rel=\"noopener\">\u00faltima publicaci\u00f3n de blog<\/a><\/u>, not\u00e9 que la mayor\u00eda de los miembros de la comunidad maya en <em>Coffeyville<\/em>, una ciudad ubicada en el sureste de KS, habla <em>akateko<\/em> o <em>q'anjob'al, <\/em>un idioma relacionado. En el suroeste de Kansas, sin embargo, la mayor\u00eda de los residentes de las comunidades mayas hablan <em>k'iche'<\/em>, que no es mutuamente comprensible con el <em>akateko<\/em> ni el <em>q'anjob'al<\/em>. Entre los asistentes a la reuni\u00f3n de Dodge City, hab\u00eda 69 adultos que hablaban <em>k'iche'<\/em> y ocho adultos que hablaban otro idioma maya llamado a<em>guacateko<\/em>. Es probable que todas estas personas hablen espa\u00f1ol como segundo idioma aprendido en la escuela; nuestro int\u00e9rprete de <em>k'iche'<\/em>, Marcos Morales asisti\u00f3 a la reuni\u00f3n para proporcionar servicios de interpretaci\u00f3n, pero todos los participantes dijeron que pod\u00edan entender y comunicarse en espa\u00f1ol.<\/p>\n<p><\/p>\n<p class=\"translation-block\">Los l\u00edderes de la iglesia donde se llev\u00f3 a cabo la reuni\u00f3n se enorgullecieron de compartir que no hab\u00edan perdido a ning\u00fan miembro de su comunidad debido al COVID-19 durante la pandemia, y lo atribuyeron a su pr\u00e1ctica de difundir informaci\u00f3n sobre las vacunas a los miembros de su congregaci\u00f3n y alentarlos a vacunarse. Algunos de los participantes de la reuni\u00f3n compartieron que las personas que trabajaban en alguna de las dos plantas empacadoras de carne de Dodge City, <em>Cargill<\/em> y <em>National Beef<\/em>, no tuvieron problemas para vacunarse porque las vacunas se proporcionaron cuando estaban en el trabajo (gracias a la fuerte defensor\u00eda de los l\u00edderes latinos en todo el estado y la decisi\u00f3n de la gobernadora Laura Kelly de <u><a href=\"https:\/\/www.wibw.com\/2021\/03\/04\/gov-kelly-announces-meatpacking-workers-vaccination-plan\/\" target=\"_blank\" rel=\"noopener\"><span style=\"color: #000000\">priorizar las vacunas para los trabajadores de empacadoras de carne <\/span><\/a><\/u>en marzo de 2021). Por otro lado, fuera de esas plantas, muchas personas tem\u00edan que vacunarse significase tener que revelar informaci\u00f3n personal o pagar una gran cantidad de dinero. Los participantes compartieron que sus pastores estaban entre las fuentes m\u00e1s confiables de informaci\u00f3n de salud.<\/p>\n<p><\/p>\n<p><p>El conocer las barreras y los puentes hacia la equidad en la vacunaci\u00f3n de COVID-19 en esta comunidad nos arroja luz sobre las \u00e1reas que se necesitan mejorar para tener equidad en la salud en general y sobre la preparaci\u00f3n necesaria para futuras emergencias sanitarias en las zonas rurales de Kansas.<\/p><\/p>\n<p><\/p>\n<p class=\"translation-block\">ALCE SU VOZ continuar\u00e1 realizando talleres en el suroeste de Kansas durante todo el a\u00f1o. Nuestro pr\u00f3ximo taller, organizado en colaboraci\u00f3n con <em>Genesis Family Health<\/em>, se centrar\u00e1 en las barreras en la atenci\u00f3n m\u00e9dica para los pacientes de habla hispana y las estrategias para mejorar el acceso a los servicios de salud. La reuni\u00f3n tendr\u00e1 lugar el domingo 7 de mayo a la 1:30 pm en el Centro de Actividades del Condado Seward, en <em>810 Stadium Ave<\/em>., en Liberal, Kansas. Todos est\u00e1n bienvenidos a asistir; se servir\u00e1 comida, y los participantes que se inscriban <u><a href=\"https:\/\/docs.google.com\/forms\/d\/e\/1FAIpQLSc82D3OdrtNrUE163_PVq-W09Lad-_2ggRGKmcD4E9IxjH08w\/viewform\" target=\"_blank\" rel=\"noopener\"><span style=\"color: #4472c4\">aqu\u00ed<\/span><\/a><\/u><span style=\"color: #4472c4\"> <\/span>antes del martes 2 de mayo recibir\u00e1n un estipendio de $40 por su participaci\u00f3n. Para mayor informaci\u00f3n sobre los pr\u00f3ximos talleres, env\u00ede un correo electr\u00f3nico a <u><span style=\"color: #4472c4\">alcesuvoz@gmail.com <\/span><\/u>y s\u00edganos en Facebook e Instagram.\n\n<p>Traducido por Spanish Ad Hoc Translations LLC- www.spanishadhoctranslations.com<\/p><\/p>\n<p><\/p>\n<p><\/p>\n<figure><img decoding=\"async\" src=\"https:\/\/static.wixstatic.com\/media\/1dafc9_bcd99263939a4feeb07b60c687454806~mv2.jpg\"><\/figure>\n<p>Estudiante graduado en espa\u00f1ol de Wichita State Ra\u00fal Rangel habla durante el taller para las comunidades mayas en Dodge City en Febrero<\/p>","protected":false},"excerpt":{"rendered":"<p>Did you know that the population in Ford, Seward, and Finney counties in rural southwest Kansas is over 50% Hispanic\/Latinx? Dodge City,&#8230;<\/p>","protected":false},"author":3,"featured_media":244,"comment_status":"closed","ping_status":"closed","sticky":false,"template":"","format":"standard","meta":{"_EventAllDay":false,"_EventTimezone":"","_EventStartDate":"","_EventEndDate":"","_EventStartDateUTC":"","_EventEndDateUTC":"","_EventShowMap":false,"_EventShowMapLink":false,"_EventURL":"","_EventCost":"","_EventCostDescription":"","_EventCurrencySymbol":"","_EventCurrencyCode":"","_EventCurrencyPosition":"","_EventDateTimeSeparator":"","_EventTimeRangeSeparator":"","_EventOrganizerID":[],"_EventVenueID":[],"_OrganizerEmail":"","_OrganizerPhone":"","_OrganizerWebsite":"","_VenueAddress":"","_VenueCity":"","_VenueCountry":"","_VenueProvince":"","_VenueState":"","_VenueZip":"","_VenuePhone":"","_VenueURL":"","_VenueStateProvince":"","_VenueLat":"","_VenueLng":"","_VenueShowMap":false,"_VenueShowMapLink":false,"footnotes":""},"categories":[13],"tags":[],"class_list":["post-270","post","type-post","status-publish","format-standard","has-post-thumbnail","hentry","category-blogs","infinite-scroll-item","generate-columns","tablet-grid-50","mobile-grid-100","grid-parent","grid-50","resize-featured-image"],"_links":{"self":[{"href":"https:\/\/alcesuvoz.wichita.edu\/es\/wp-json\/wp\/v2\/posts\/270","targetHints":{"allow":["GET"]}}],"collection":[{"href":"https:\/\/alcesuvoz.wichita.edu\/es\/wp-json\/wp\/v2\/posts"}],"about":[{"href":"https:\/\/alcesuvoz.wichita.edu\/es\/wp-json\/wp\/v2\/types\/post"}],"author":[{"embeddable":true,"href":"https:\/\/alcesuvoz.wichita.edu\/es\/wp-json\/wp\/v2\/users\/3"}],"replies":[{"embeddable":true,"href":"https:\/\/alcesuvoz.wichita.edu\/es\/wp-json\/wp\/v2\/comments?post=270"}],"version-history":[{"count":1,"href":"https:\/\/alcesuvoz.wichita.edu\/es\/wp-json\/wp\/v2\/posts\/270\/revisions"}],"predecessor-version":[{"id":290,"href":"https:\/\/alcesuvoz.wichita.edu\/es\/wp-json\/wp\/v2\/posts\/270\/revisions\/290"}],"wp:featuredmedia":[{"embeddable":true,"href":"https:\/\/alcesuvoz.wichita.edu\/es\/wp-json\/wp\/v2\/media\/244"}],"wp:attachment":[{"href":"https:\/\/alcesuvoz.wichita.edu\/es\/wp-json\/wp\/v2\/media?parent=270"}],"wp:term":[{"taxonomy":"category","embeddable":true,"href":"https:\/\/alcesuvoz.wichita.edu\/es\/wp-json\/wp\/v2\/categories?post=270"},{"taxonomy":"post_tag","embeddable":true,"href":"https:\/\/alcesuvoz.wichita.edu\/es\/wp-json\/wp\/v2\/tags?post=270"}],"curies":[{"name":"wp","href":"https:\/\/api.w.org\/{rel}","templated":true}]}}