{"id":268,"date":"2023-05-08T14:43:18","date_gmt":"2023-05-08T19:43:18","guid":{"rendered":"https:\/\/alcesuvoz.wichita.edu\/2023\/05\/08\/gracias-a-los-estudiantes-de-alce-su-voz\/"},"modified":"2025-06-17T20:12:12","modified_gmt":"2025-06-18T01:12:12","slug":"gracias-a-los-estudiantes-de-alce-su-voz","status":"publish","type":"post","link":"https:\/\/alcesuvoz.wichita.edu\/es\/2023\/05\/08\/gracias-a-los-estudiantes-de-alce-su-voz\/","title":{"rendered":"\u00a1Gracias a los estudiantes de Alce su Voz!"},"content":{"rendered":"<p class=\"has-text-align-left\"><em>Alce su Voz<\/em> would like to say thank you to our student research assistants for all of the amazing work they do! In this blog post, our current and incoming students will introduce themselves so that you can get to know them a little bit. We are truly blessed to have these brilliant and dedicated individuals on our team.<\/p>\n\n\n\n<p>&nbsp;<\/p>\n\n\n\n<p><em>\u00a1Alce su Voz desea agradecer a nuestros estudiantes asistentes de investigaci\u00f3n por todo el excelente trabajo que hacen! En este blog, nuestros estudiantes actuales y entrantes se presentar\u00e1n ellos mismos para que ustedes los puedan conocer un poquito. Somos verdaderamente bendecidos de contar con estos brillantes y dedicados estudiantes en nuestro equipo.<\/em><\/p>\n\n\n\n<p>&nbsp;<\/p>\n\n\n\n<p><span style=\"background-color: #ffffff;\"><strong>Damaris N. Mireles<\/strong><\/span><\/p>\n\n\n\n<p><span style=\"background-color: #ffffff;\">I am a Wichita State University student majoring in English and Spanish Literature with a <\/span><a href=\"https:\/\/www.wichita.edu\/academics\/fairmount_college_of_liberal_arts_and_sciences\/mcll\/Languages\/Spanish\/Certificate_in_Spanish_.php\" target=\"_blank\" rel=\"noopener\"><span style=\"color: #1155cc;\"><span style=\"background-color: #ffffff;\">Certificate in Spanish for the Professions<\/span><\/span><\/a><em><span style=\"background-color: #ffffff;\">,<\/span><\/em><span style=\"background-color: #ffffff;\"> and I am also an undergraduate research assistant on the <\/span><em><span style=\"background-color: #ffffff;\">Alce su Voz <\/span><\/em><span style=\"background-color: #ffffff;\">healthcare language access project funded by the <\/span><a href=\"https:\/\/minorityhealth.hhs.gov\/omh\/Content.aspx?ID=2759&amp;lvl=1&amp;lvlid=5\" target=\"_blank\" rel=\"noopener\"><span style=\"color: #1155cc;\"><span style=\"background-color: #ffffff;\">Promoting Equitable Access to Language Services in Health and Human Services<\/span><\/span><\/a><span style=\"background-color: #ffffff;\"> (PEALS) initiative of the <\/span><a href=\"https:\/\/www.minorityhealth.hhs.gov\/\" target=\"_blank\" rel=\"noopener\"><span style=\"color: #1155cc;\"><span style=\"background-color: #ffffff;\">Oficina de salud de las minor\u00edas<\/span><\/span><\/a><span style=\"background-color: #ffffff;\"> (OMH). <\/span><em><span style=\"background-color: #ffffff;\">Alce su Voz<\/span><\/em><span style=\"background-color: #ffffff;\"> is important to me because I am passionate about serving my community. As someone who grew up interpreting for my family and still does so, I think it&#8217;s incredibly important for my community to know that they have the right to access their needed information in their own language. While working with <\/span><em><span style=\"background-color: #ffffff;\">Alce su Voz<\/span><\/em><span style=\"background-color: #ffffff;\"> I have been able to help reach the Spanish-speaking community and help people learn about the different ways to advocate for their linguistic rights that affect their day-to-day life.<\/span><\/p>\n\n\n\n<p>&nbsp;<\/p>\n\n\n\n<p><em><span style=\"background-color: #ffffff;\">Soy una estudiante de <\/span><\/em><span style=\"background-color: #ffffff;\">Wichita State University,<\/span><em><span style=\"background-color: #ffffff;\"> especializ\u00e1ndome en Literatura en Ingl\u00e9s y Espa\u00f1ol, con un <\/span><\/em><a href=\"https:\/\/www.wichita.edu\/academics\/fairmount_college_of_liberal_arts_and_sciences\/mcll\/Languages\/Spanish\/Certificate_in_Spanish_.php\" target=\"_blank\" rel=\"noopener\"><em><span style=\"color: #1155cc;\"><span style=\"background-color: #ffffff;\">certificado de \u00abEspa\u00f1ol para las Profesiones\u00bb <\/span><\/span><\/em><\/a><em><span style=\"background-color: #ffffff;\">y tambi\u00e9n soy una asistente de investigaci\u00f3n de pregrado de Alce su Voz, en el proyecto de acceso ling\u00fc\u00edstico a los servicios de salud financiado por la iniciativa <\/span><\/em><em><span style=\"color: #4472c4;\"><span style=\"background-color: #ffffff;\">\u00ab<\/span><\/span><\/em><a href=\"https:\/\/minorityhealth.hhs.gov\/omh\/Content.aspx?ID=2759&amp;lvl=1&amp;lvlid=5\" target=\"_blank\" rel=\"noopener\"><em><span style=\"color: #1155cc;\"><span style=\"background-color: #ffffff;\">Promoviendo el acceso equitativo a los servicios ling\u00fc\u00edsticos en los servicios humanos y de salud\u00bb <\/span><\/span><\/em><\/a><em><span style=\"background-color: #ffffff;\">(PEALS, por sus siglas en ingl\u00e9s) de la <\/span><\/em><a href=\"https:\/\/www.minorityhealth.hhs.gov\/\" target=\"_blank\" rel=\"noopener\"><em><span style=\"color: #1155cc;\"><span style=\"background-color: #ffffff;\">Oficina de Salud para las Minor\u00edas <\/span><\/span><\/em><\/a><em><span style=\"background-color: #ffffff;\"> (OMH, por sus siglas en ingl\u00e9s). Alce su Voz es importante para m\u00ed ya que me apasiona servir a mi comunidad. Como alguien que creci\u00f3 interpretando para su familia, y todav\u00eda lo hace, creo que es incre\u00edblemente importante que mi comunidad sepa que tiene derecho a acceder en su propio idioma a la informaci\u00f3n que necesita. Mientras trabajo con Alce su Voz, he podido ayudar a tener llegada a la comunidad de habla hispana y he ayudado a la gente a aprender sobre las diferentes formas de abogar por sus derechos ling\u00fc\u00edsticos que afectan su vida cotidiana.<\/span><\/em><\/p>\n\n\n\n<p>&nbsp;<\/p>\n\n\n\n<p>&nbsp;<\/p>\n\n\n\n<p><strong>Alondra Aguilera<\/strong><\/p>\n\n\n\n<p>My name is Alondra Aguilera, I just graduated with a degree in <a href=\"https:\/\/www.wichita.edu\/academics\/majors\/education_spanish_prek_12__baed_75.php\" target=\"_blank\" rel=\"noopener\">Pre-K &#8211; 12 Spanish Education from Wichita State.<\/a> <em>Alce su Voz<\/em> has given me an opportunity to use my skills in designing materials and using social media as a method to advocate for members of my own community here in Wichita, which is greatly important to me. I hope to continue advocating for the Latine community here in Wichita and to work for more equity towards our community. My work on this project until now has been funded by the <a href=\"https:\/\/kansashealth.org\/\" target=\"_blank\" rel=\"noopener\">Kansas Health Foundation<\/a>.<\/p>\n\n\n\n<p>&nbsp;<\/p>\n\n\n\n<p><em>Mi nombre es Alondra Aguilera, y acabo de graduarme de la universidad <\/em>Wichita State University<em> con una licenciatura en Educaci\u00f3n con especializaci\u00f3n en <\/em><a href=\"https:\/\/www.wichita.edu\/academics\/majors\/education_spanish_prek_12__baed_75.php\" target=\"_blank\" rel=\"noopener\"><em><span style=\"color: #1155cc;\">Ense\u00f1anza de Espa\u00f1ol de Pre-K a 12<\/span><\/em><\/a><em>. Alce su Voz me ha dado la oportunidad de usar mis habilidades en el dise\u00f1o de materiales y el uso de las redes sociales como m\u00e9todo para abogar por los miembros de mi propia comunidad, aqu\u00ed en Wichita, lo cual es muy importante para m\u00ed. Espero seguir abogando por la comunidad latina en Wichita y seguir trabajando por mayor equidad hacia nuestra comunidad. Hasta ahora, mi trabajo en este proyecto ha sido patrocinado por la fundaci\u00f3n <\/em><a href=\"https:\/\/kansashealth.org\/\" target=\"_blank\" rel=\"noopener\"><span style=\"color: #1155cc;\">Kansas Health Foundation<\/span><\/a>.<\/p>\n\n\n\n<p>&nbsp;<\/p>\n\n\n\n<p><strong>Jorge de la Hoz<\/strong><\/p>\n\n\n\n<p>My name is Jorge de la Hoz. I am currently studying for my <a href=\"https:\/\/www.wichita.edu\/academics\/fairmount_college_of_liberal_arts_and_sciences\/mcll\/Grad_Studies\/Spanish_Graduate_About.php\" target=\"_blank\" rel=\"noopener\"><span style=\"color: #1155cc;\">MA in Spanish<\/span><\/a> at Wichita State University. I came to know about the organization <em>Alce su Voz<\/em> from one of my professors, Dr. Rachel Showstack. This organization is important to me because it allows me to help the community. Even though I have only been in Wichita for a short time, <em>Alce su Voz<\/em> has allowed me to connect with many individuals and learn about many social realities. I am in charge of translating, proofreading and editing content, and look forward to continue doing so with the organization.<\/p>\n\n\n\n<p>&nbsp;<\/p>\n\n\n\n<p><em>Mi nombre es Jorge de la Hoz. Estoy estudiando mi <\/em><a href=\"https:\/\/www.wichita.edu\/academics\/fairmount_college_of_liberal_arts_and_sciences\/mcll\/Grad_Studies\/Spanish_Graduate_About.php\" target=\"_blank\" rel=\"noopener\"><em><span style=\"color: #1155cc;\">maestr\u00eda en Espa\u00f1ol<\/span><\/em><\/a><em> en <\/em>Wichita State University<em>. Me enter\u00e9 de la organizaci\u00f3n Alce su Voz por una de mis profesoras, la doctora Rachel Showstack. Para m\u00ed esta organizaci\u00f3n es importante porque me permite ayudar a la comunidad. Aunque llevo poco tiempo en Wichita, Alce su Voz me ha permitido conectarme con muchas personas y conocer muchas realidades sociales. Estoy a cargo de traducir, corregir y editar contenido, y espero continuar haci\u00e9ndolo con la organizaci\u00f3n.<\/em><\/p>\n\n\n\n<p>&nbsp;<\/p>\n\n\n\n<p>&nbsp;<\/p>\n\n\n\n<p><strong>Ra\u00fal Rangel<\/strong><\/p>\n\n\n\n<p><span style=\"background-color: #ffffff;\">My name is Ra\u00fal Rangel-Fern\u00e1ndez. I am originally from Guadalajara, Mexico. I am a graduate student at Wichita State University working on a MA in Spanish and a graduate student at KU working on a MA in Slavic Linguistics. I am the Graduate Research Assistant working alongside the <\/span><a href=\"https:\/\/www.increasethereach.com\/\" target=\"_blank\" rel=\"noopener\"><span style=\"color: #1155cc;\"><span style=\"background-color: #ffffff;\">Increase the Reach<\/span><\/span><\/a><span style=\"background-color: #ffffff;\"> (ITR) grant to help increase vaccine equity in Guatemalan Indigenous communities in the state of Kansas. I have experience with two Mayan languages, Kaqchikel and Yucatec Maya and I am looking forward to being a voice for a community that has often been left without a voice. <\/span><em><span style=\"background-color: #ffffff;\">Alce Su Voz<\/span><\/em><span style=\"background-color: #ffffff;\"> is a great organization that allows me to continue to give voice to the community. I am looking forward to what\u2019s to come. <\/span><\/p>\n\n\n\n<p>&nbsp;<\/p>\n\n\n\n<p><em><span style=\"background-color: #ffffff;\">Mi nombre es Ra\u00fal Rangel-Fern\u00e1ndez. Soy originario de Guadalajara, M\u00e9xico. Soy estudiante de posgrado en <\/span><\/em>Wichita State University<em><span style=\"background-color: #ffffff;\"> en el programa de maestr\u00eda en Espa\u00f1ol y estudiante de posgrado en <\/span><\/em><span style=\"background-color: #ffffff;\">Kansas University <\/span><em><span style=\"background-color: #ffffff;\">(KU) en el programa de maestr\u00eda en Ling\u00fc\u00edstica Eslava. Soy el asistente de investigaci\u00f3n de posgrado que trabaja con la subvenci\u00f3n <\/span><\/em><a href=\"https:\/\/www.increasethereach.com\/\" target=\"_blank\" rel=\"noopener\"><em><span style=\"color: #1155cc;\"><span style=\"background-color: #ffffff;\">Increase the Reach <\/span><\/span><\/em><\/a><em><span style=\"background-color: #ffffff;\"> (ITR) para ayudar a aumentar la equidad en la vacunaci\u00f3n en las comunidades ind\u00edgenas guatemaltecas en el estado de Kansas. Tengo experiencia con dos idiomas mayas, kaqchikel y maya yucateco, y espero ser una voz para una comunidad que a menudo se ha quedado sin voz. Alce su Voz es una gran organizaci\u00f3n que me permite seguir dando voz a la comunidad. Estoy feliz por lo que est\u00e1 por venir en el futuro de la organizaci\u00f3n.<\/span><\/em><\/p>\n\n\n\n<p>&nbsp;<\/p>\n\n\n\n<p><strong>Maame Adwoa Amissah Ankrah <\/strong><\/p>\n\n\n\n<p>My name is Maame Adwoa Amissah Ankrah. My major is MA-Spanish, and I am also pursuing a certificate in Spanish for the Professions. <em>Alce su Voz<\/em> is important to me because it helps me put into practice the translation and interpreting skills and the ethics that I have learned, as the organization advocates for Spanish-speaking patients to be able to have access to quality healthcare with the help of trained interpreters. I am looking forward to understanding more about the needs of the Spanish-speaking communities and seeing how I can use my bilingual ability to help as well as, improving my interpreting skills. I will be the graduate student research assistant on the OMH PEALS award in Summer 2023.<\/p>\n\n\n\n<p>&nbsp;<\/p>\n\n\n\n<p><em>Mi nombre es Maame Adwoa Amissah Ankrah. Estoy haciendo mi maestr\u00eda en Espa\u00f1ol y tambi\u00e9n estoy terminando un certificado en Espa\u00f1ol para las Profesiones. Alce su Voz es importante para m\u00ed porque me ayuda a poner en pr\u00e1ctica las habilidades de traducci\u00f3n e interpretaci\u00f3n y la \u00e9tica que he aprendido, ya que la organizaci\u00f3n aboga para que los pacientes hispanos puedan tener acceso a una atenci\u00f3n m\u00e9dica de calidad con la ayuda de int\u00e9rpretes capacitados. Espero entender m\u00e1s sobre las necesidades de las comunidades de habla hispana y mejorar mis habilidades de interpretaci\u00f3n, y ver c\u00f3mo puedo usar mi habilidad biling\u00fce para ayudar. Voy a ser la asistente graduada en la subvenci\u00f3n PEALS de la OMH en el verano de 2023.<\/em><\/p>\n\n\n\n<p>&nbsp;<\/p>\n\n\n\n<p>&nbsp;<\/p>\n\n\n\n<p><strong>Marili Bravo<\/strong><\/p>\n\n\n\n<p>Hello, my name is Marili Bravo. I am an undergrad student at Wichita State University and a research assistant on the OMH language access grant. My major is Pre- law Criminal Justice. This organization is important to me because it is something I strongly believe in. <em>Alce Su Voz<\/em> has had a great impact with my community among the issues of translation with health equity. I have been able to see the different impacts of the opportunities of aid the organizations bring because of the workshops from <em>Alce Su Voz<\/em>. Furthermore, I am extremely ecstatic to see what is to come from the organization <em>Alce Su Voz<\/em>.<\/p>\n\n\n\n<p>&nbsp;<\/p>\n\n\n\n<p><em>Hola, mi nombre es Marili Bravo. Soy estudiante de pregrado en <\/em>Wichita State University<em> y asistente de investigaci\u00f3n en la subvenci\u00f3n de acceso al idioma de la Oficina de Salud para las Minor\u00edas (OMH, por sus siglas en ingl\u00e9s). Mi especialidad es Pre-Derecho-Justicia Penal. Esta organizaci\u00f3n es importante para m\u00ed porque es algo en lo que creo firmemente. Alce su Voz ha tenido un gran impacto en mi comunidad en los temas de traducci\u00f3n y equidad en la salud. He podido ver los diferentes impactos de oportunidades de ayuda que las organizaciones han tra\u00eddo gracias a los talleres de Alce su Voz. Adem\u00e1s, estoy extremadamente extasiada de ver que m\u00e1s traer\u00e1 la organizaci\u00f3n Alce su Voz.<\/em><\/p>\n\n\n\n<p>&nbsp;<\/p>\n\n\n\n<p>&nbsp;<\/p>\n\n\n\n<p><strong>Melissa Medina<\/strong><\/p>\n\n\n\n<p>Hi, my name is Melissa Medina and I am a graduate research assistant working on the OMH language access grant for <em>Alce su Voz<\/em>. I have worked in health care for the past decade and know the barriers to interpretation services. As a child I used to be an interpreter for my mother who is Spanish speaking only. I joined the effort by ensuring health services organizations provide high quality and appropriate interpretation services. I look forward to ensuring health service organizations provide high &#8211; quality and appropriate language services to non- english speakers. In the summer, we will continue conducting our interviews and educating providers on language access resources.<\/p>\n\n\n\n<p>&nbsp;<\/p>\n\n\n\n<p><em>Hola, mi nombre es Melissa Medina y soy estudiante de maestr\u00eda y asistente de investigaci\u00f3n trabajando con Alce su Voz en la subvenci\u00f3n de acceso ling\u00fc\u00edstico de la OMH. He trabajado en servicios de salud durante la d\u00e9cada pasada y conozco las barreras en los servicios de interpretaci\u00f3n. De ni\u00f1a sol\u00eda ser interprete de mi madre, que solo hablaba espa\u00f1ol. Me un\u00ed al esfuerzo para asegurarme de que las organizaciones de servicios m\u00e9dicos brinden servicios de interpretaci\u00f3n apropiados y de alta calidad. Espero poder ayudar a garantizar que las organizaciones de servicios de salud brinden estos servicios ling\u00fc\u00edsticos apropiados y de alta calidad a las personas que no hablan ingl\u00e9s. En el verano, continuaremos realizando nuestras entrevistas y educando a los proveedores sobre los recursos de acceso al idioma.<\/em><\/p>\n\n\n\n<p>&nbsp;<\/p>\n\n\n\n<p>&nbsp;<\/p>\n\n\n\n<p><strong>Savannah Paschal<\/strong><\/p>\n\n\n\n<p>Savannah Paschal is graduating this semester with a BA in Pre-K-12 Spanish Education and plans to go to law school in the future. Savannah manages the participant support stipends and conducts research with Alce su Voz. As recently <a href=\"https:\/\/www.wichita.edu\/about\/wsunews\/news\/2022\/10-oct\/showstack_4.php\" target=\"_blank\" rel=\"noopener\"><span style=\"color: #1155cc;\">highlighted in WSU News<\/span><\/a>, our current focus on civic engagement grew out of an idea that Savannah proposed as a class project in Dr. Showstack\u2019s Spanish in the U.S. course. Savannah is incredibly excited to continue to help the local Hispanic community in their work with Alce su Voz.<\/p>\n\n\n\n<p>&nbsp;<\/p>\n\n\n\n<p><em>Savannah Paschal se est\u00e1 graduando este semestre con una licenciatura en Educaci\u00f3n con especialidad en Ense\u00f1anza de Espa\u00f1ol de Pre-K a 12 y piensa ir a la escuela de leyes en el futuro. Savannah administra los estipendios de apoyo a los participantes y realiza investigaciones con Alce su Voz. Como se destac\u00f3 recientemente en la publicaci\u00f3n<\/em><u><em><span style=\"color: #4472c4;\"> WSU News<\/span><\/em><\/u><em>, nuestro enfoque actual en el compromiso c\u00edvico surgi\u00f3 de una idea que Savannah propuso como un proyecto de clase en el curso de Espa\u00f1ol en los Estados Unidos de la Dra. Showstack. Savannah est\u00e1 incre\u00edblemente emocionada de continuar ayudando a la comunidad hispana local en su trabajo con Alce su Voz.<\/em><\/p>\n\n\n\n<p>&nbsp;<\/p>\n\n\n\n<p>&nbsp;<\/p>\n\n\n\n<p>If you see these students and graduates at our community events or around town, please thank them for their contribution to our projects! And if you are a student reading this and thinking \u201chey, I could do that!\u201d please send an email to <a href=\"https:\/\/www.wichita.edu\/profiles\/academics\/fairmount_college_of_liberal_arts_and_sciences\/Modern_and_Classical_Languages_and_Literatures\/09-Spanish-Faculty\/Showstack-Rachel.php\" target=\"_blank\" rel=\"noopener\"><span style=\"color: #1155cc;\">Dr. Rachel Showstack<\/span><\/a> to introduce yourself and come to our <a href=\"https:\/\/alcesuvoz.wichita.edu\/es\/upcoming-events\/\" target=\"_blank\" rel=\"noopener\"><span style=\"color: #1155cc;\">upcoming events<\/span><\/a>. There will be more opportunities to be involved in the future!<\/p>\n\n\n\n<p>&nbsp;<\/p>\n\n\n\n<p><em>Si ve a estos estudiantes y graduados en nuestros eventos comunitarios o en la ciudad, \u00a1agrad\u00e9zcales por su contribuci\u00f3n a nuestros proyectos! Y si eres un estudiante que est\u00e1 leyendo esto y piensa \u00ab\u00a1oh, yo podr\u00eda hacer eso!\u00bb, env\u00eda un correo electr\u00f3nico a la <\/em><a href=\"https:\/\/www.wichita.edu\/profiles\/academics\/fairmount_college_of_liberal_arts_and_sciences\/Modern_and_Classical_Languages_and_Literatures\/09-Spanish-Faculty\/Showstack-Rachel.php\" target=\"_blank\" rel=\"noopener\"><em>Dra. Rachel Showstack<\/em><\/a><em> para presentarte y venir a nuestros <\/em><u><em><span style=\"color: #4472c4;\">pr\u00f3ximos eventos<\/span><\/em><\/u><em>. \u00a1En el futuro habr\u00e1 m\u00e1s oportunidades de participar!<\/em><\/p>\n\n\n\n<p>&nbsp;<\/p>\n\n\n\n<p><em>Traducido por Marili Bravo y Spanish Ad Hoc Translations.<\/em><\/p>\n\n\n\n<p>&nbsp;<\/p>\n\n\n\n<figure class=\"wp-block-image\"><img decoding=\"async\" src=\"https:\/\/static.wixstatic.com\/media\/1dafc9_206c423cfc6940c0a2cc2c6c199a2800~mv2.jpg\" alt=\"\"\/><\/figure>\n\n\n\n<p><em>Marili Bravo, Itzia Barraza-Cordova, Damaris Mireles, Alondra Aguilera, Jorge de la Hoz, Savannah Paschal y Ra\u00fal Rangel<\/em><\/p>\n\n\n\n<p>&nbsp;<\/p>\n\n\n\n<p>&nbsp;<\/p>\n\n\n\n<p>Este blog fue financiado por la Oficina de Salud para las Minor\u00edas (OMH) del Departamento de Salud y Servicios Humanos de los Estados Unidos (HHS, por sus siglas en ingl\u00e9s) como parte de una subvenci\u00f3n financiera por un total de $375,000, con el 100 por ciento financiado por OMH\/OASH\/HHS. Los contenidos son de los autores y no representan necesariamente los puntos de vista oficiales, ni tienen necesariamente el respaldo de OMH\/OASH\/HHS, ni del gobierno de los Estados Unidos. Para obtener mayor informaci\u00f3n, visite <a href=\"https:\/\/www.minorityhealth.hhs.gov\/\" target=\"_blank\" rel=\"noopener\"><span style=\"color: #0563c1;\">https:\/\/www.minorityhealth.hhs.gov\/<\/span><\/a><\/p>\n\n\n\n<p>&nbsp;<\/p>\n\n\n\n<p><em>Esta publicaci\u00f3n fue financiada por la Oficina de Salud de las Minor\u00edas (OMH, por sus siglas en ingl\u00e9s) del Departamento de Salud y Servicios Humanos de los Estados Unidos (HHS, por sus siglas en ingl\u00e9s) como parte de una subvenci\u00f3n financiera por un total de $375,000 con 100 por ciento de financiamiento de OMH\/OASH\/HHS. El contenido es de los autores y no representa necesariamente el punto de vista oficial ni es avalado por la OMH\/OASH\/HHS o el Gobierno de los Estados Unidos. Para mayor informaci\u00f3n, visite <\/em><u><em><span style=\"color: #4472c4;\">https:\/\/www.minorityhealth.hhs.gov\/<\/span><\/em><\/u><\/p>\n\n\n\n<p>&nbsp;<\/p>","protected":false},"excerpt":{"rendered":"<p>Alce su Voz would like to say thank you to our student research assistants for all of the amazing work they do! In this blog post, our&#8230;<\/p>","protected":false},"author":3,"featured_media":242,"comment_status":"closed","ping_status":"closed","sticky":false,"template":"","format":"standard","meta":{"_EventAllDay":false,"_EventTimezone":"","_EventStartDate":"","_EventEndDate":"","_EventStartDateUTC":"","_EventEndDateUTC":"","_EventShowMap":false,"_EventShowMapLink":false,"_EventURL":"","_EventCost":"","_EventCostDescription":"","_EventCurrencySymbol":"","_EventCurrencyCode":"","_EventCurrencyPosition":"","_EventDateTimeSeparator":"","_EventTimeRangeSeparator":"","_EventOrganizerID":[],"_EventVenueID":[],"_OrganizerEmail":"","_OrganizerPhone":"","_OrganizerWebsite":"","_VenueAddress":"","_VenueCity":"","_VenueCountry":"","_VenueProvince":"","_VenueState":"","_VenueZip":"","_VenuePhone":"","_VenueURL":"","_VenueStateProvince":"","_VenueLat":"","_VenueLng":"","_VenueShowMap":false,"_VenueShowMapLink":false,"footnotes":""},"categories":[13],"tags":[],"class_list":["post-268","post","type-post","status-publish","format-standard","has-post-thumbnail","hentry","category-blogs","infinite-scroll-item","generate-columns","tablet-grid-50","mobile-grid-100","grid-parent","grid-50","resize-featured-image"],"_links":{"self":[{"href":"https:\/\/alcesuvoz.wichita.edu\/es\/wp-json\/wp\/v2\/posts\/268","targetHints":{"allow":["GET"]}}],"collection":[{"href":"https:\/\/alcesuvoz.wichita.edu\/es\/wp-json\/wp\/v2\/posts"}],"about":[{"href":"https:\/\/alcesuvoz.wichita.edu\/es\/wp-json\/wp\/v2\/types\/post"}],"author":[{"embeddable":true,"href":"https:\/\/alcesuvoz.wichita.edu\/es\/wp-json\/wp\/v2\/users\/3"}],"replies":[{"embeddable":true,"href":"https:\/\/alcesuvoz.wichita.edu\/es\/wp-json\/wp\/v2\/comments?post=268"}],"version-history":[{"count":2,"href":"https:\/\/alcesuvoz.wichita.edu\/es\/wp-json\/wp\/v2\/posts\/268\/revisions"}],"predecessor-version":[{"id":1765,"href":"https:\/\/alcesuvoz.wichita.edu\/es\/wp-json\/wp\/v2\/posts\/268\/revisions\/1765"}],"wp:featuredmedia":[{"embeddable":true,"href":"https:\/\/alcesuvoz.wichita.edu\/es\/wp-json\/wp\/v2\/media\/242"}],"wp:attachment":[{"href":"https:\/\/alcesuvoz.wichita.edu\/es\/wp-json\/wp\/v2\/media?parent=268"}],"wp:term":[{"taxonomy":"category","embeddable":true,"href":"https:\/\/alcesuvoz.wichita.edu\/es\/wp-json\/wp\/v2\/categories?post=268"},{"taxonomy":"post_tag","embeddable":true,"href":"https:\/\/alcesuvoz.wichita.edu\/es\/wp-json\/wp\/v2\/tags?post=268"}],"curies":[{"name":"wp","href":"https:\/\/api.w.org\/{rel}","templated":true}]}}