{"id":267,"date":"2023-05-13T23:57:27","date_gmt":"2023-05-14T04:57:27","guid":{"rendered":"https:\/\/alcesuvoz.wichita.edu\/2023\/05\/13\/interpreter-engagement-and-education\/"},"modified":"2025-04-10T19:24:16","modified_gmt":"2025-04-11T00:24:16","slug":"interpreter-engagement-and-education","status":"publish","type":"post","link":"https:\/\/alcesuvoz.wichita.edu\/es\/2023\/05\/13\/interpreter-engagement-and-education\/","title":{"rendered":"Professionalizing the Interpreter Role in Kansas"},"content":{"rendered":"<p><strong>Interpreter Team Learns Language Access Laws and Regulations and Asks Why Kansas does not Consistently Follow Them<\/strong><\/p>\n<\/p>\n<p><u><a href=\"https:\/\/www.hhs.gov\/civil-rights\/for-individuals\/special-topics\/needy-families\/civil-rights-requirements\/index.html\" target=\"_blank\" rel=\"noopener\"><span style=\"color: #1155cc;\">Title VI<\/span><\/a><\/u> of the Civil Rights Act of 1964 and<a href=\"https:\/\/healthlaw.org\/what-is-section-1557-an-introduction\/\" target=\"_blank\" rel=\"noopener\"> <\/a><u><a href=\"https:\/\/healthlaw.org\/what-is-section-1557-an-introduction\/\" target=\"_blank\" rel=\"noopener\"><span style=\"color: #1155cc;\">Section 1557<\/span><\/a><\/u> de la<a href=\"https:\/\/www.hhs.gov\/healthcare\/about-the-aca\/index.html\" target=\"_blank\" rel=\"noopener\"> <\/a><u><a href=\"https:\/\/www.hhs.gov\/healthcare\/about-the-aca\/index.html\" target=\"_blank\" rel=\"noopener\"><span style=\"color: #1155cc;\">Affordable Care Act<\/span><\/a><\/u> (ACA) provide strong protections against discrimination in federal agencies and any entity that receives federal funds, including discrimination based on language. Because virtually all healthcare entities participate in Medicaid or Medicare or otherwise take federal funds, failing to provide qualified language access services (i.e., interpreters, translated materials and same-language care) is against the law.<\/p>\n<\/p>\n<p>A team of Kansas Spanish-English medical interpreters learned about this legislation at the second <em>Alce su Voz<\/em> interpreter workshop last Saturday, and they had a burning question: Why is the state of Kansas doing such a poor job at following these laws?<\/p>\n<\/p>\n<p>The answer is not simple and includes a combination of an imperfect system for financing healthcare, a lack of respect for the medical interpreter as a professional and an integral member of the healthcare team, ignorance of the legal requirements, and racism and xenophobia. Furthermore, many healthcare institutions in Kansas do not have a<a href=\"https:\/\/www.cms.gov\/About-CMS\/Agency-Information\/OMH\/Downloads\/Language-Access-Plan-508.pdf\" target=\"_blank\" rel=\"noopener\"> <\/a><u><a href=\"https:\/\/www.cms.gov\/About-CMS\/Agency-Information\/OMH\/Downloads\/Language-Access-Plan-508.pdf\" target=\"_blank\" rel=\"noopener\"><span style=\"color: #1155cc;\">plan de acceso ling\u00fc\u00edstico<\/span><\/a><\/u> and a language access coordinator.<\/p>\n<\/p>\n<p>Saturday\u2019s interpreter workshop was held at the<a href=\"https:\/\/www.wichitalibrary.org\/locations\/pages\/evergreen.aspx\" target=\"_blank\" rel=\"noopener\"> <\/a><u><a href=\"https:\/\/www.wichitalibrary.org\/locations\/pages\/evergreen.aspx\" target=\"_blank\" rel=\"noopener\"><span style=\"color: #1155cc;\">Centro Comunitario &amp; Biblioteca Evergreen<\/span><\/a><\/u>, y<a href=\"https:\/\/healthlaw.org\/team\/mara-youdelman\/\" target=\"_blank\" rel=\"noopener\"> <\/a><u><a href=\"https:\/\/healthlaw.org\/team\/mara-youdelman\/\" target=\"_blank\" rel=\"noopener\"><span style=\"color: #1155cc;\">Mara Youdelman<\/span><\/a><\/u> de la<a href=\"https:\/\/healthlaw.org\/\" target=\"_blank\" rel=\"noopener\"> <\/a><u><a href=\"https:\/\/healthlaw.org\/\" target=\"_blank\" rel=\"noopener\"><span style=\"color: #1155cc;\">Programa Nacional de Leyes de Salud<\/span><\/a><\/u> (NHeLP) presented to the team over Zoom about the legal framework for healthcare language access, including Title VI and Section 1557. She also described a<a href=\"https:\/\/www.hhs.gov\/civil-rights\/for-providers\/laws-regulations-guidance\/regulatory-initiatives\/1557-fact-sheet\/index.html\" target=\"_blank\" rel=\"noopener\"> <\/a><u><a href=\"https:\/\/www.hhs.gov\/civil-rights\/for-providers\/laws-regulations-guidance\/regulatory-initiatives\/1557-fact-sheet\/index.html\" target=\"_blank\" rel=\"noopener\"><span style=\"color: #1155cc;\">new rule<\/span><\/a><\/u> proposed by the Biden-Harris Administration that would strengthen civil rights protections under Section 1557.<\/p>\n<\/p>\n<p>The objective of the <em>Alce su Voz<\/em> interpreter team is to work toward the professionalization of the interpreter role in Kansas, a process that will improve the state\u2019s ability to comply with Title VI and Section 1557.<\/p>\n<\/p>\n<p>On Saturday, the team identified the following steps needed to meet this objective:<\/p>\n<ul>\n<li>\n<p> Improve awareness among interpreters of the available trainings and on how to become a certified medical interpreter,<\/p>\n<\/li>\n<li>\n<p>Train healthcare workers on the implementation of Title VI and Section 1557,<\/p>\n<\/li>\n<li>\n<p>Continue to educate the community about their rights and dismantle the assumption that patients\u2019 children and other family members or friends should be involved in the interpreting process, and<\/p>\n<\/li>\n<li>\n<p>Ensure continued support from the state government and acknowledgement of the labor and revenue generated by the Hispanic\/Latinx community.<\/p>\n<\/li>\n<\/ul>\n<p><em>Alce su Voz<\/em> is already working toward these targets. The upcoming interpreter workshops will address medical terminology and opportunities for training and certification. You can register for our July 15 workshop on medical terminology<a href=\"https:\/\/docs.google.com\/forms\/d\/e\/1FAIpQLSckQxA28x-YiDH6frWpWu5flXX948js0A3DqprKn-ugliKAEA\/viewform?usp=sf_link\" target=\"_blank\" rel=\"noopener\"> <\/a><u><a href=\"https:\/\/docs.google.com\/forms\/d\/e\/1FAIpQLSckQxA28x-YiDH6frWpWu5flXX948js0A3DqprKn-ugliKAEA\/viewform?usp=sf_link\" target=\"_blank\" rel=\"noopener\"><span style=\"color: #1155cc;\">here<\/span><\/a><\/u>. We will also offer a <u><strong>free<\/strong><\/u> 40-hour interpreter training on selected Saturdays between August and September 2023 (an amazing deal because this usually costs $600). This training is a requirement for the national interpreter certification.<\/p>\n<\/p>\n<p>In addition, our Community Engagement and Education team, led by<a href=\"https:\/\/kschw.org\/?ae_global_templates=denise-romero\" target=\"_blank\" rel=\"noopener\"> <\/a><u><a href=\"https:\/\/kschw.org\/?ae_global_templates=denise-romero\" target=\"_blank\" rel=\"noopener\"><span style=\"color: #1155cc;\">Denise Romero<\/span><\/a><\/u> of<a href=\"https:\/\/www.facebook.com\/SaludMasBienestar1\/\" target=\"_blank\" rel=\"noopener\"> <\/a><u><a href=\"https:\/\/www.facebook.com\/SaludMasBienestar1\/\" target=\"_blank\" rel=\"noopener\"><span style=\"color: #1155cc;\">Salud + Bienestar<\/span><\/a><\/u>, is raising awareness among Spanish-speaking community members about their rights, and our Hospital and Clinic Engagement team, led by<a href=\"https:\/\/www.wichita.edu\/profiles\/academics\/health_professions\/public_health_sciences\/03-faculty\/Keene-Woods-Nikki.php\" target=\"_blank\" rel=\"noopener\"> <\/a><u><a href=\"https:\/\/www.wichita.edu\/profiles\/academics\/health_professions\/public_health_sciences\/03-faculty\/Keene-Woods-Nikki.php\" target=\"_blank\" rel=\"noopener\"><span style=\"color: #1155cc;\">Dr. Nikki Keene Woods<\/span><\/a><\/u> of the Wichita State<a href=\"https:\/\/www.wichita.edu\/academics\/health_professions\/phs\/\" target=\"_blank\" rel=\"noopener\"> <\/a><u><a href=\"https:\/\/www.wichita.edu\/academics\/health_professions\/phs\/\" target=\"_blank\" rel=\"noopener\"><span style=\"color: #1155cc;\">Department of Public Health Sciences<\/span><\/a><\/u>, is conducting a study to survey the language access policies and procedures at Kansas healthcare institutions.<\/p>\n<\/p>\n<p>Finally, we will be collaborating with the<a href=\"https:\/\/www.latinocommunitynetwork.org\/\" target=\"_blank\" rel=\"noopener\"> <\/a><u><a href=\"https:\/\/www.latinocommunitynetwork.org\/\" target=\"_blank\" rel=\"noopener\"><span style=\"color: #1155cc;\">Latino Community Network<\/span><\/a><\/u> to hold a Latinx Leadership training on June 10 (time and location TBD).<\/p>\n<\/p>\n<p>Over the next several months, the interpreter team, led by its directors Rommy Vargas-Bezzubikoff of<a href=\"https:\/\/www.spanishadhoctranslations.com\/\" target=\"_blank\" rel=\"noopener\"> <\/a><u><a href=\"https:\/\/www.spanishadhoctranslations.com\/\" target=\"_blank\" rel=\"noopener\"><span style=\"color: #1155cc;\">Spanish Ad Hoc Translations<\/span><\/a><\/u> and Marixendra Alvarez of<a href=\"https:\/\/www.cjsts.net\/\" target=\"_blank\" rel=\"noopener\"> <\/a><u><a href=\"https:\/\/www.cjsts.net\/\" target=\"_blank\" rel=\"noopener\"><span style=\"color: #1155cc;\">CJS Translation Services<\/span><\/a><\/u>, will collaborate to facilitate team discussions that will lead to a white paper on our agenda for the professionalization of the interpreter role. If you are interested in being part of this team or participating in the 40-hour training, please contact Mrs. Vargas at <u><a href=\"mailto:rommyvargasb@yahoo.com\" target=\"_blank\" rel=\"noopener\"><span style=\"color: #1155cc;\">rommyvargasb@yahoo.com<\/span><\/a><\/u>. <\/p>\n<\/p>\n<p><em>Alce su Voz<\/em> encourages medical interpreters and patients who need\/utilize healthcare interpreting services to follow the progress of the new proposed rule addressing non-discrimination provisions under ACA\u2019s Section 1557. In her presentation, Ms. Youdelman predicted that there will be challenges to educate providers and patients about the rule when finalized. You can read NHeLP\u2019s Q&amp;A document about the proposed rule<a href=\"https:\/\/healthlaw.org\/resource\/questions-and-answers-on-the-2022-proposed-rule-addressing-nondiscrimination-protections-under-the-acas-section-1557\/\" target=\"_blank\" rel=\"noopener\"> <\/a><u><a href=\"https:\/\/healthlaw.org\/resource\/questions-and-answers-on-the-2022-proposed-rule-addressing-nondiscrimination-protections-under-the-acas-section-1557\/\" target=\"_blank\" rel=\"noopener\"><span style=\"color: #1155cc;\">here<\/span><\/a><\/u>, and you can read the comments submitted by Ms. Youdelman and other NHeLP leaders on the proposed rule<a href=\"https:\/\/healthlaw.org\/resource\/nhelp-comments-on-section-1557-proposed-rule\/\" target=\"_blank\" rel=\"noopener\"> <\/a><u><a href=\"https:\/\/healthlaw.org\/resource\/nhelp-comments-on-section-1557-proposed-rule\/\" target=\"_blank\" rel=\"noopener\"><span style=\"color: #1155cc;\">here<\/span><\/a><\/u>.<\/p>\n<\/p>\n<p>If you feel that a healthcare institution has discriminated against you by not providing you with the services you need for successful communication during your healthcare encounter, you can<a href=\"https:\/\/www.hhs.gov\/ocr\/complaints\/index.html\" target=\"_blank\" rel=\"noopener\"> <\/a><u><a href=\"https:\/\/www.hhs.gov\/ocr\/complaints\/index.html\" target=\"_blank\" rel=\"noopener\"><span style=\"color: #1155cc;\">file a complaint<\/span><\/a><\/u> with the Office for Civil Rights. You can also share your story with <em>Alce su Voz<\/em>; to do so, please contact Ver\u00f3nica Mireles at <u><a href=\"mailto:veromil.02@gmail.com\" target=\"_blank\" rel=\"noopener\"><span style=\"color: #1155cc;\">veromil.02@gmail.com<\/span><\/a><\/u>. <\/p>\n<\/p>\n<p class=\"translation-block\"><a target=\"_blank\" href=\"https:\/\/alcesuvoz.wichita.edu\/es\/\" rel=\"noopener\"><em>Alce su voz<\/em><\/a><em> es una coalici\u00f3n basada en la comunidad cuya misi\u00f3n es mejorar la equidad en la salud de los hispanohablantes y los hablantes de lenguas ind\u00edgenas en los Estados Unidos, enfoc\u00e1ndose en Kansas y el medio oeste. Para mayor informaci\u00f3n o para participar, por favor env\u00ede un correo electr\u00f3nico a <\/em><a target=\"_blank\" href=\"mailto:alcesuvoz@gmail.com\" rel=\"noopener\"><em>alcesuvoz@gmail.com<\/em><\/a><em>. Tambi\u00e9n puede <\/em><a target=\"_blank\" href=\"https:\/\/lp.constantcontactpages.com\/su\/BGdfhkV\" rel=\"noopener\"><em>suscribirse a nuestra lista de correo<\/em><\/a><em> y seguirnos en <\/em><a target=\"_blank\" href=\"https:\/\/www.facebook.com\/profile.php?id=100064895134005\" rel=\"noopener\"><em>Facebook<\/em><\/a><em>.<\/em><\/p>\n<p><\/p>\n<p>(Pueden leer esta publicaci\u00f3n en espa\u00f1ol <u><a href=\"https:\/\/alcesuvoz.wichita.edu\/es\/post\/la-profesionalizaci\u00f3n-del-rol-del-int\u00e9rprete-en-kansas\/\" target=\"_blank\" rel=\"noopener\">aqu\u00ed<\/a><\/u>.)<\/p>\n<\/p>\n<p>Este blog fue financiado por la Oficina de Salud para las Minor\u00edas (OMH) del Departamento de Salud y Servicios Humanos de los Estados Unidos (HHS, por sus siglas en ingl\u00e9s) como parte de una subvenci\u00f3n financiera por un total de $375,000, con el 100 por ciento financiado por OMH\/OASH\/HHS. Los contenidos son de los autores y no representan necesariamente los puntos de vista oficiales, ni tienen necesariamente el respaldo de OMH\/OASH\/HHS, ni del gobierno de los Estados Unidos. Para obtener mayor informaci\u00f3n, visite<a href=\"https:\/\/www.minorityhealth.hhs.gov\/\" target=\"_blank\" rel=\"noopener\"> <\/a><u><a href=\"https:\/\/www.minorityhealth.hhs.gov\/\" target=\"_blank\" rel=\"noopener\"><span style=\"color: #0563c1;\">https:\/\/www.minorityhealth.hhs.gov\/<\/span><\/a><\/u><\/p>\n<\/p>\n<figure><img decoding=\"async\" src=\"https:\/\/static.wixstatic.com\/media\/1dafc9_f044f4e5cd5c4133ac0378f6acd54ee5~mv2.jpg\"><\/figure>\n<p><\/p>","protected":false},"excerpt":{"rendered":"<p>Interpreter Team Learns Language Access Laws and Regulations and Asks Why Kansas does not Consistently Follow Them Title VI of the Civil&#8230;<\/p>","protected":false},"author":3,"featured_media":245,"comment_status":"closed","ping_status":"closed","sticky":false,"template":"","format":"standard","meta":{"_EventAllDay":false,"_EventTimezone":"","_EventStartDate":"","_EventEndDate":"","_EventStartDateUTC":"","_EventEndDateUTC":"","_EventShowMap":false,"_EventShowMapLink":false,"_EventURL":"","_EventCost":"","_EventCostDescription":"","_EventCurrencySymbol":"","_EventCurrencyCode":"","_EventCurrencyPosition":"","_EventDateTimeSeparator":"","_EventTimeRangeSeparator":"","_EventOrganizerID":[],"_EventVenueID":[],"_OrganizerEmail":"","_OrganizerPhone":"","_OrganizerWebsite":"","_VenueAddress":"","_VenueCity":"","_VenueCountry":"","_VenueProvince":"","_VenueState":"","_VenueZip":"","_VenuePhone":"","_VenueURL":"","_VenueStateProvince":"","_VenueLat":"","_VenueLng":"","_VenueShowMap":false,"_VenueShowMapLink":false,"footnotes":""},"categories":[13],"tags":[],"class_list":["post-267","post","type-post","status-publish","format-standard","has-post-thumbnail","hentry","category-blogs","infinite-scroll-item","generate-columns","tablet-grid-50","mobile-grid-100","grid-parent","grid-50","resize-featured-image"],"_links":{"self":[{"href":"https:\/\/alcesuvoz.wichita.edu\/es\/wp-json\/wp\/v2\/posts\/267","targetHints":{"allow":["GET"]}}],"collection":[{"href":"https:\/\/alcesuvoz.wichita.edu\/es\/wp-json\/wp\/v2\/posts"}],"about":[{"href":"https:\/\/alcesuvoz.wichita.edu\/es\/wp-json\/wp\/v2\/types\/post"}],"author":[{"embeddable":true,"href":"https:\/\/alcesuvoz.wichita.edu\/es\/wp-json\/wp\/v2\/users\/3"}],"replies":[{"embeddable":true,"href":"https:\/\/alcesuvoz.wichita.edu\/es\/wp-json\/wp\/v2\/comments?post=267"}],"version-history":[{"count":1,"href":"https:\/\/alcesuvoz.wichita.edu\/es\/wp-json\/wp\/v2\/posts\/267\/revisions"}],"predecessor-version":[{"id":287,"href":"https:\/\/alcesuvoz.wichita.edu\/es\/wp-json\/wp\/v2\/posts\/267\/revisions\/287"}],"wp:featuredmedia":[{"embeddable":true,"href":"https:\/\/alcesuvoz.wichita.edu\/es\/wp-json\/wp\/v2\/media\/245"}],"wp:attachment":[{"href":"https:\/\/alcesuvoz.wichita.edu\/es\/wp-json\/wp\/v2\/media?parent=267"}],"wp:term":[{"taxonomy":"category","embeddable":true,"href":"https:\/\/alcesuvoz.wichita.edu\/es\/wp-json\/wp\/v2\/categories?post=267"},{"taxonomy":"post_tag","embeddable":true,"href":"https:\/\/alcesuvoz.wichita.edu\/es\/wp-json\/wp\/v2\/tags?post=267"}],"curies":[{"name":"wp","href":"https:\/\/api.w.org\/{rel}","templated":true}]}}