{"id":266,"date":"2023-05-15T02:48:52","date_gmt":"2023-05-15T07:48:52","guid":{"rendered":"https:\/\/alcesuvoz.wichita.edu\/2023\/05\/15\/la-profesionalizaci%c3%b3n-del-rol-del-int%c3%a9rprete-en-kansas\/"},"modified":"2025-04-10T19:24:21","modified_gmt":"2025-04-11T00:24:21","slug":"la-profesionalizaci%c3%b3n-del-rol-del-int%c3%a9rprete-en-kansas","status":"publish","type":"post","link":"https:\/\/alcesuvoz.wichita.edu\/es\/2023\/05\/15\/la-profesionalizaci%c3%b3n-del-rol-del-int%c3%a9rprete-en-kansas\/","title":{"rendered":"La profesionalizaci\u00f3n del rol de int\u00e9rprete en Kansas"},"content":{"rendered":"<p style=\"text-align: left;\"><strong>Equipo de int\u00e9rpretes aprende sobre las leyes y regulaciones de acceso ling\u00fc\u00edstico   y se pregunta por qu\u00e9 Kansas no las sigue consistentemente <\/strong><\/p>\n<\/p>\n<p>El <u><span style=\"color: #0070c0;\">T\u00edtulo VI<\/span><\/u><span style=\"color: #0070c0;\"> <\/span>de la Ley de Derechos Civiles de 1964 y la <u><span style=\"color: #0070c0;\">Secci\u00f3n 1557<\/span><\/u><span style=\"color: #0070c0;\"> <\/span>de la <u><span style=\"color: #0070c0;\">Ley de Cuidados de Salud a Bajo Precio<\/span><\/u> (ACA, por sus siglas en ingl\u00e9s) proporcionan fuertes protecciones contra la discriminaci\u00f3n en las agencias federales y cualquier entidad que reciba fondos federales, incluyendo la discriminaci\u00f3n basada en el idioma. Debido a que pr\u00e1cticamente todas las entidades de atenci\u00f3n m\u00e9dica participan en Medicaid o Medicare o reciben fondos federales, el hecho de no proporcionar servicios calificados de acceso al idioma (es decir, int\u00e9rpretes, materiales traducidos y atenci\u00f3n en el mismo idioma) es contra la ley.  <\/p>\n<p><\/p>\n<p>Un equipo de int\u00e9rpretes m\u00e9dicos espa\u00f1ol-ingl\u00e9s de Kansas aprendi\u00f3 sobre esta legislaci\u00f3n en el segundo taller de int\u00e9rpretes de <em>Alce su Voz<\/em> el s\u00e1bado pasado, y tuvo una pregunta candente: \u00bfPor qu\u00e9 el estado de Kansas est\u00e1 haciendo un pobre trabajo en seguir estas leyes?<\/p>\n<\/p>\n<p>La respuesta no es simple e incluye una combinaci\u00f3n de un sistema imperfecto para financiar la atenci\u00f3n m\u00e9dica, una falta de respeto por el int\u00e9rprete m\u00e9dico como profesional y como miembro integral del equipo de atenci\u00f3n m\u00e9dica, desconocimiento de los requisitos legales, y racismo y xenofobia. Adem\u00e1s, muchas instituciones de salud en Kansas no tienen un <u><span style=\"color: #0070c0;\">plan de acceso al idioma<\/span><\/u><u> <\/u>y un coordinador de acceso al idioma. <\/p>\n<p><\/p>\n<p>El taller de int\u00e9rpretes del s\u00e1bado se llev\u00f3 a cabo en el <u><span style=\"color: #0070c0;\">Centro Comunitario y Biblioteca Evergreen<\/span><\/u><span style=\"color: #0070c0;\">, <\/span>y la abogada <u><span style=\"color: #0070c0;\">Mara Youdelman<\/span><\/u><span style=\"color: #0070c0;\"> <\/span>del <u><span style=\"color: #0070c0;\">Programa Nacional de Leyes de Salud <\/span><\/u>(NHeLP, por sus siglas en ingl\u00e9s) hizo una presentaci\u00f3n a trav\u00e9s de Zoom al equipo de int\u00e9rpretes sobre el marco legal para el acceso al idioma para la atenci\u00f3n m\u00e9dica, incluyendo el T\u00edtulo VI y la Secci\u00f3n 1557. Tambi\u00e9n describi\u00f3 una <u><span style=\"color: #0070c0;\">nueva regla<\/span><\/u> propuesta por la Administraci\u00f3n Biden-Harris que fortalecer\u00eda la protecci\u00f3n de los derechos civiles bajo la Secci\u00f3n 1557.   <\/p>\n<p><\/p>\n<p>El objetivo del equipo de int\u00e9rpretes de <em>Alce su Voz<\/em> es trabajar hacia la profesionalizaci\u00f3n del rol de int\u00e9rprete en Kansas, un proceso que mejorar\u00e1 la capacidad del estado para cumplir con el T\u00edtulo VI y la Secci\u00f3n 1557.  <\/p>\n<p><\/p>\n<p>El s\u00e1bado, el equipo identific\u00f3 los siguientes pasos necesarios para cumplir con este objetivo:<\/p>\n<ul>\n<li>\n<p>Mejorar el conocimiento de los int\u00e9rpretes sobre las capacitaciones disponibles y sobre c\u00f3mo hacer para convertirse en un int\u00e9rprete m\u00e9dico certificado, <\/p>\n<\/li>\n<li>\n<p>Capacitar a los trabajadores de salud sobre la implementaci\u00f3n del T\u00edtulo VI y la Secci\u00f3n 1557, <\/p>\n<\/li>\n<li>\n<p>Continuar educando a la comunidad sobre sus derechos y desterrar la suposici\u00f3n de que los hijos de los pacientes y otros familiares o amigos deben participar en el proceso de interpretaci\u00f3n, y <\/p>\n<\/li>\n<li>\n<p>Asegurar el apoyo continuo del gobierno estatal, y reconocer el trabajo y los ingresos generados por la comunidad hispana\/latina.   <\/p>\n<\/li>\n<\/ul>\n<p><\/p>\n<p><em>Alce su Voz<\/em> ya est\u00e1 trabajando hacia la consecuci\u00f3n de estos objetivos. Los pr\u00f3ximos talleres de int\u00e9rpretes tratar\u00e1n sobre terminolog\u00eda m\u00e9dica y las oportunidades de capacitaci\u00f3n y certificaci\u00f3n. Puede inscribirse para nuestro taller del 15 de julio sobre terminolog\u00eda m\u00e9dica <u><span style=\"color: #0070c0;\">aqu\u00ed<\/span><\/u>. Tambi\u00e9n ofreceremos una capacitaci\u00f3n <u><strong>gratuita<\/strong><\/u> de interpretaci\u00f3n m\u00e9dica de 40 horas los s\u00e1bados seleccionados entre agosto y septiembre de 2023 (una oferta incre\u00edble porque generalmente cuesta $ 600). Esta capacitaci\u00f3n es un requisito para tomar el examen de certificaci\u00f3n nacional de int\u00e9rprete m\u00e9dico.<\/p>\n<p><\/p>\n<p>Adem\u00e1s, nuestro equipo de Participaci\u00f3n y Educaci\u00f3n Comunitaria, dirigido por <u><span style=\"color: #0070c0;\">Denise Romero<\/span><\/u><span style=\"color: #0070c0;\"> <\/span>de <u><span style=\"color: #0070c0;\">Salud + Bienestar<\/span><\/u>, est\u00e1 creando conciencia entre los miembros de la comunidad hispanohablante sobre sus derechos, y nuestro equipo de Participaci\u00f3n Hospitalaria y Cl\u00ednica, dirigido por la <u><span style=\"color: #0070c0;\">doctora Nikki Keene Woods<\/span><\/u> del <u><span style=\"color: #0070c0;\">Departamento de Ciencias de Salud P\u00fablica<\/span><\/u><span style=\"color: #0070c0;\"> <\/span>de la universidad <em>Wichita State<\/em>, est\u00e1 llevando a cabo un estudio para evaluar las pol\u00edticas y procedimientos de acceso al idioma en las instituciones de atenci\u00f3n m\u00e9dica de Kansas.<\/p>\n<p><\/p>\n<p>Finalmente, estaremos colaborando con <a href=\"https:\/\/www.latinocommunitynetwork.org\/\" target=\"_blank\" rel=\"noopener\"><em><span style=\"color: #1155cc;\">Latino Community Network<\/span><\/em><\/a> para llevar a cabo un entrenamiento de Liderazgo Latino el 10 de junio (la hora y el lugar est\u00e1n por determinarse).<\/p>\n<\/p>\n<p>Durante los pr\u00f3ximos meses, el equipo de int\u00e9rpretes, liderado por sus directoras Rommy Vargas-Bezzubikoff de <u><em><span style=\"color: #0070c0;\">Spanish Ad Hoc Translations<\/span><\/em><\/u><span style=\"color: #0070c0;\"> <\/span>y Marixendra Alvarez de <u><em><span style=\"color: #0070c0;\">CJS Translation Services<\/span><\/em><\/u>, colaborar\u00e1 para facilitar las discusiones de grupo que conducir\u00e1n a un informe en nuestra agenda para la profesionalizaci\u00f3n del rol de int\u00e9rprete. Si est\u00e1 interesado en ser parte de este equipo o participar en la capacitaci\u00f3n de 40 horas para int\u00e9rpretes m\u00e9dicos, comun\u00edquese con la profesora Vargas a <u><span style=\"color: #0070c0;\">rommyvargasb@yahoo.com<\/span><\/u><span style=\"color: #0070c0;\">.  <\/span><\/p>\n<p><\/p>\n<p><em>Alce su Voz<\/em> alienta a los int\u00e9rpretes m\u00e9dicos y pacientes que necesitan o utilizan servicios de interpretaci\u00f3n para su atenci\u00f3n m\u00e9dica a seguir el progreso de la nueva regla propuesta que aborda las disposiciones de no discriminaci\u00f3n bajo la Secci\u00f3n 1557 de la ley ACA. En su presentaci\u00f3n, la licenciada Youdelman predijo que habr\u00e1 desaf\u00edos para educar a los proveedores y pacientes sobre la regla cuando esta se ponga en efecto. Puede leer las preguntas y respuestas hechas a NHeLP sobre la regla propuesta <u><span style=\"color: #0070c0;\">aqu\u00ed<\/span><\/u>, y puede leer los comentarios presentados por la licenciada Youdelman y otros l\u00edderes de NHeLP sobre la regla propuesta <u><span style=\"color: #0070c0;\">aqu\u00ed<\/span><\/u>.<\/p>\n<\/p>\n<p>Si usted siente que una instituci\u00f3n de atenci\u00f3n m\u00e9dica lo ha discriminado al no brindarle los servicios que necesitaba para una comunicaci\u00f3n exitosa durante su consulta m\u00e9dica, puede <u><span style=\"color: #0070c0;\">presentar una queja<\/span><\/u> ante la Oficina de Derechos Civiles. Tambi\u00e9n puede compartir su historia con <em>Alce su Voz<\/em>; para hacerlo, comun\u00edquese con Ver\u00f3nica Mireles a <u><span style=\"color: #0070c0;\">veromil.02@gmail.com<\/span><\/u>.   <\/p>\n<p><\/p>\n<p><a href=\"https:\/\/alcesuvoz.wichita.edu\/es\/\" target=\"_blank\" rel=\"noopener\"><em><span style=\"color: #0563c1;\">Alce su voz<\/span><\/em><\/a><em> es una coalici\u00f3n basada en la comunidad cuya misi\u00f3n es mejorar la equidad en la salud de los hispanohablantes y los hablantes de lenguas ind\u00edgenas en los Estados Unidos, enfoc\u00e1ndose en Kansas y el medio oeste. Para mayor informaci\u00f3n o para participar, por favor env\u00ede un correo electr\u00f3nico a <\/em><a href=\"mailto:alcesuvoz@gmail.com\" target=\"_blank\" rel=\"noopener\"><em><span style=\"color: #0563c1;\">alcesuvoz@gmail.com<\/span><\/em><\/a><em>. Tambi\u00e9n puede <\/em><a href=\"https:\/\/lp.constantcontactpages.com\/su\/BGdfhkV\" target=\"_blank\" rel=\"noopener\"><em><span style=\"color: #0563c1;\">suscribirse a nuestra lista de correo <\/span><\/em><\/a><em> y seguirnos en <\/em><a href=\"https:\/\/www.facebook.com\/profile.php?id=100064895134005\" target=\"_blank\" rel=\"noopener\"><em><span style=\"color: #0563c1;\">Facebook<\/span><\/em><\/a><em> e <\/em><a href=\"https:\/\/www.instagram.com\/alcesuvoz\/\" target=\"_blank\" rel=\"noopener\"><em>Instagram<\/em><\/a><em>.<\/em><\/p>\n<p><\/p>\n<p>(You can read this post in English <a href=\"https:\/\/alcesuvoz.wichita.edu\/es\/post\/interpreter-engagement-and-education\/\" target=\"_blank\" rel=\"noopener\">here<\/a>.)<\/p>\n<p><\/p>\n<p><em>Esta publicaci\u00f3n fue financiada por la Oficina de Salud de las Minor\u00edas (OMH, por sus siglas en ingl\u00e9s) del Departamento de Salud y Servicios Humanos de los Estados Unidos (HHS, por sus siglas en ingl\u00e9s) como parte de una subvenci\u00f3n financiera por un total de $375,000 con 100 por ciento de financiamiento de OMH\/OASH\/HHS. El contenido es de los autores y no representa necesariamente el punto de vista oficial ni es avalado por la OMH\/OASH\/HHS o el Gobierno de los Estados Unidos. Para mayor informaci\u00f3n, visite <\/em><a href=\"https:\/\/www.minorityhealth.hhs.gov\/\" target=\"_blank\" rel=\"noopener\"><em>https:\/\/www.minorityhealth.hhs.gov\/<\/em><\/a><\/p>\n<p><\/p>\n<p><em>Traducido por Spanish Ad Hoc Translations LLC &#8211; <\/em><u><em><span style=\"color: #0070c0;\">www.spanishadhoctranslations.com<\/span><\/em><\/u><\/p>\n<p><\/p>\n<p><\/p>\n<figure><img decoding=\"async\" src=\"https:\/\/static.wixstatic.com\/media\/1dafc9_f044f4e5cd5c4133ac0378f6acd54ee5~mv2.jpg\"><\/figure>\n<p><\/p>","protected":false},"excerpt":{"rendered":"<p>Equipo de int\u00e9rpretes aprende sobre las leyes y regulaciones de acceso ling\u00fc\u00edstico   y se pregunta por qu\u00e9 Kansas no las sigue&#8230;<\/p>","protected":false},"author":3,"featured_media":245,"comment_status":"closed","ping_status":"closed","sticky":false,"template":"","format":"standard","meta":{"_EventAllDay":false,"_EventTimezone":"","_EventStartDate":"","_EventEndDate":"","_EventStartDateUTC":"","_EventEndDateUTC":"","_EventShowMap":false,"_EventShowMapLink":false,"_EventURL":"","_EventCost":"","_EventCostDescription":"","_EventCurrencySymbol":"","_EventCurrencyCode":"","_EventCurrencyPosition":"","_EventDateTimeSeparator":"","_EventTimeRangeSeparator":"","_EventOrganizerID":[],"_EventVenueID":[],"_OrganizerEmail":"","_OrganizerPhone":"","_OrganizerWebsite":"","_VenueAddress":"","_VenueCity":"","_VenueCountry":"","_VenueProvince":"","_VenueState":"","_VenueZip":"","_VenuePhone":"","_VenueURL":"","_VenueStateProvince":"","_VenueLat":"","_VenueLng":"","_VenueShowMap":false,"_VenueShowMapLink":false,"footnotes":""},"categories":[13],"tags":[],"class_list":["post-266","post","type-post","status-publish","format-standard","has-post-thumbnail","hentry","category-blogs","infinite-scroll-item","generate-columns","tablet-grid-50","mobile-grid-100","grid-parent","grid-50","resize-featured-image"],"_links":{"self":[{"href":"https:\/\/alcesuvoz.wichita.edu\/es\/wp-json\/wp\/v2\/posts\/266","targetHints":{"allow":["GET"]}}],"collection":[{"href":"https:\/\/alcesuvoz.wichita.edu\/es\/wp-json\/wp\/v2\/posts"}],"about":[{"href":"https:\/\/alcesuvoz.wichita.edu\/es\/wp-json\/wp\/v2\/types\/post"}],"author":[{"embeddable":true,"href":"https:\/\/alcesuvoz.wichita.edu\/es\/wp-json\/wp\/v2\/users\/3"}],"replies":[{"embeddable":true,"href":"https:\/\/alcesuvoz.wichita.edu\/es\/wp-json\/wp\/v2\/comments?post=266"}],"version-history":[{"count":1,"href":"https:\/\/alcesuvoz.wichita.edu\/es\/wp-json\/wp\/v2\/posts\/266\/revisions"}],"predecessor-version":[{"id":286,"href":"https:\/\/alcesuvoz.wichita.edu\/es\/wp-json\/wp\/v2\/posts\/266\/revisions\/286"}],"wp:featuredmedia":[{"embeddable":true,"href":"https:\/\/alcesuvoz.wichita.edu\/es\/wp-json\/wp\/v2\/media\/245"}],"wp:attachment":[{"href":"https:\/\/alcesuvoz.wichita.edu\/es\/wp-json\/wp\/v2\/media?parent=266"}],"wp:term":[{"taxonomy":"category","embeddable":true,"href":"https:\/\/alcesuvoz.wichita.edu\/es\/wp-json\/wp\/v2\/categories?post=266"},{"taxonomy":"post_tag","embeddable":true,"href":"https:\/\/alcesuvoz.wichita.edu\/es\/wp-json\/wp\/v2\/tags?post=266"}],"curies":[{"name":"wp","href":"https:\/\/api.w.org\/{rel}","templated":true}]}}