{"id":262,"date":"2023-07-27T16:00:39","date_gmt":"2023-07-27T21:00:39","guid":{"rendered":"https:\/\/alcesuvoz.wichita.edu\/2023\/07\/27\/access-to-mental-health-services-for-spanish-speakers-in-kansas\/"},"modified":"2025-04-10T19:24:36","modified_gmt":"2025-04-11T00:24:36","slug":"access-to-mental-health-services-for-spanish-speakers-in-kansas","status":"publish","type":"post","link":"https:\/\/alcesuvoz.wichita.edu\/es\/2023\/07\/27\/access-to-mental-health-services-for-spanish-speakers-in-kansas\/","title":{"rendered":"Acceso a servicios de salud mental para hispanohablantes en Kansas"},"content":{"rendered":"<p class=\"has-text-align-left\"><strong><em>Por Kelly Guzm\u00e1n, con contribuci\u00f3n de Rachel Showstack<\/em><\/strong><\/p>\n\n\n\n<p><em>Kelly Guzm\u00e1n es terapeuta biling\u00fce de salud mental, con consulta privada en Wichita. Rachel Showstack es profesora asociada de Espa\u00f1ol en Wichita State y presidente de Alce su Voz.<\/em><\/p>\n\n\n\n<p class=\"translation-block\">\u00bfTerapeuta, doctor o psic\u00f3logo? <em>Therapist, Doctor, or Psychologist?<\/em> En la reuni\u00f3n del Consejo Comunitario de Alce su Voz celebrado en mayo, se\u00f1al\u00e9 que estos t\u00e9rminos son utilizados indistintamente por los pacientes hispanohablantes para referirse a los terapeutas en Estados Unidos. La reuni\u00f3n se realiz\u00f3 para explorar las barreras de acceso a los servicios de salud mental para los hispanohablantes en Kansas y las posibles maneras de hacer frente a esas barreras.<\/p>\n\n\n\n<p>Como parte de la discusi\u00f3n para averiguar cu\u00e1les son las barreras, examin\u00e9 las formas en que se accede a los servicios de salud mental en M\u00e9xico.<\/p>\n\n\n\n<p>En M\u00e9xico, las instalaciones de salud mental cuentan con m\u00e9dicos y psic\u00f3logos. Hay una alta concentraci\u00f3n de estas instalaciones cerca de o en la Ciudad de M\u00e9xico, la capital de M\u00e9xico, donde se encuentran las universidades. No es de extra\u00f1ar que algunas personas mexicanas que nacieron en M\u00e9xico y que luego emigraron a Estados Unidos hayan tenido una m\u00ednima exposici\u00f3n a los servicios de salud mental, especialmente si vivieron en zonas rurales de M\u00e9xico, y que se refieran a los terapeutas como \u00abm\u00e9dicos\u00bb o \u00abpsic\u00f3logos\u00bb\", t\u00e9rminos que utilizan para mostrar respeto a los profesionales de salud mental, a pesar de la continua clarificaci\u00f3n del papel del terapeuta en Estados Unidos.<\/p>\n\n\n\n<p>La \u00abhumildad cultural\u00bb, que es un compromiso de una comprensi\u00f3n m\u00e1s profunda de la cultura a trav\u00e9s de la autorreflexi\u00f3n continua y el autoexamen de los prejuicios, deber\u00eda tenerse en cuenta en la prestaci\u00f3n de servicios de salud mental a los hispanohablantes. Una forma en que los profesionales pueden hacerlo es evaluando los sistemas y costumbres internacionales en materia de salud mental y, lo que es m\u00e1s importante, invitando a las voces de la comunidad a que aporten sus experiencias sobre c\u00f3mo desenvolverse en los sistemas de Estados Unidos.<\/p>\n\n\n\n<p class=\"translation-block\">Para celebrar el Mes de la Concientizaci\u00f3n sobre la Salud Mental de las Minor\u00edas, <em>Alce su Voz<\/em> rinde homenaje a las voces latinas en el blog de este mes compartiendo nuestro debate comunitario sobre el acceso a los servicios de salud mental en espa\u00f1ol. Tambi\u00e9n proporcionamos informaci\u00f3n sobre los recursos de salud mental disponibles en espa\u00f1ol en Wichita.<\/p>\n\n\n\n<p class=\"translation-block\">La comunidad hispana\/latina en los Estados Unidos corre un mayor riesgo de padecer enfermedades mentales graves que la poblaci\u00f3n general. Seg\u00fan la <a target=\"_blank\" href=\"https:\/\/www.nami.org\/Your-Journey\/Identity-and-Cultural-Dimensions\/Hispanic-Latinx\" rel=\"noopener\">National Alliance on Mental Illness<\/a> (Alianza Nacional de Enfermedades Mentales - NAMI, por sus siglas en ingl\u00e9s), una de las principales razones de este mayor riesgo es que las personas hispanas\/latinas enfrentan barreras para acceder a la atenci\u00f3n m\u00e9dica. S\u00f3lo el 35,1% de los adultos hispanos\/latinos con enfermedades mentales reciben tratamiento cada a\u00f1o, en comparaci\u00f3n con el promedio nacional del 46,2%. <em>Alce su Voz<\/em> considera el debate comunitario como un primer paso importante hacia la mejora de la disminuci\u00f3n de las barreras de acceso en Kansas.<\/p>\n\n\n\n<p>El Consejo Comunitario identific\u00f3 una serie de barreras para acceder a los servicios de salud mental que experimenta la comunidad hispana\/latina de Wichita, entre las que se incluyen los altos costos de atenci\u00f3n, la falta de informaci\u00f3n accesible sobre los servicios disponibles, el estigma de la enfermedad mental y las dificultades con el transporte y los horarios. Tambi\u00e9n se discutieron posibles formas de aumentar el acceso a la atenci\u00f3n, preparar a las instituciones locales para hacer frente a las crisis de salud mental y desarrollar intervenciones m\u00e1s eficaces para nuestra comunidad hispana\/latina.<\/p>\n\n\n\n<p class=\"translation-block\">Cabe destacar que las leyes federales exigen que las entidades sanitarias ofrezcan servicios ling\u00fc\u00edsticos a las personas con \u00abconocimientos limitados de ingl\u00e9s\u00bb (LEP, por sus siglas en ingl\u00e9s). Sin embargo, muchas entidades que prestan servicios de salud mental no est\u00e1n preparadas para ofrecer una atenci\u00f3n equitativa a las personas que necesitan servicios ling\u00fc\u00edsticos.<\/p>\n\n\n\n<p>En el proyecto de reglamento de aplicaci\u00f3n de los requisitos de no discriminaci\u00f3n de la Ley de Cuidados de Salud a Bajo Precio (Secci\u00f3n 1557), la Oficina de Derechos Civiles exigir\u00eda a los proveedores de servicios de salud y al personal sanitario biling\u00fce que demuestren su dominio del ingl\u00e9s y de un idioma adicional, as\u00ed como el conocimiento de vocabulario especializado en ambos idiomas. Esto se debe a que un profesional que se identifique como biling\u00fce pero no conozca la terminolog\u00eda especializada, no est\u00e1 autom\u00e1ticamente calificado para prestar atenci\u00f3n en espa\u00f1ol.<\/p>\n\n\n\n<p class=\"translation-block\"><em>Alce su Voz<\/em> espera ver un aumento en los programas de formaci\u00f3n en idiomas espec\u00edficos para trabajadores sociales biling\u00fces, psicoterapeutas y otros profesionales de la salud mental, incluyendo cursos en espa\u00f1ol sobre temas de salud mental y pr\u00e1cticas profesionales con experiencias centradas en la atenci\u00f3n en espa\u00f1ol, supervisadas por proveedores de salud mental biling\u00fces calificados.<\/p>\n\n\n\n<p>Tambi\u00e9n esperamos ver un aumento en la utilizaci\u00f3n de servicios de interpretaci\u00f3n en persona y a distancia, por v\u00eddeo, en los centros de salud mental de Kansas, incluso durante el proceso de admisi\u00f3n de pacientes.<\/p>\n\n\n\n<p class=\"translation-block\">Durante la reuni\u00f3n de mayo del Consejo Comunitario de <em>Alce su Voz<\/em>, los participantes tuvieron muchos testimonios para compartir sobre los desaf\u00edos de salud mental que hab\u00edan experimentado, y observamos que la oportunidad de hablar sobre salud mental con otros latinos parec\u00eda ser de gran valor para la comunidad. A <em>Alce su Voz<\/em> le gustar\u00eda seguir apoyando las oportunidades de conversaciones sobre salud mental en la comunidad latina de Kansas.<\/p>\n\n\n\n<p class=\"translation-block\">Uno de los recursos que ahora est\u00e1 disponible para la comunidad hispanohablante en Wichita es el proyecto \u00a1PODEMOS! dirigido por Sammy Paunetto del <a target=\"_blank\" href=\"https:\/\/www.rescue.org\/united-states\/wichita-ks\" rel=\"noopener\">International Rescue Committee<\/a> (IRC, por sus siglas en ingl\u00e9s). Este programa educativo para la comunidad se cre\u00f3 en respuesta a la carencia de servicios de salud mental en la comunidad hispana de Estados Unidos. El plan de estudios en espa\u00f1ol abarca temas como el trauma, las relaciones dom\u00e9sticas en la cultura hispana, la ansiedad y el abuso de sustancias.<\/p>\n\n\n\n<p class=\"translation-block\">Otra oportunidad en Wichita para aprender sobre salud mental es el programa <a target=\"_blank\" href=\"https:\/\/suspenders4hope.com\/\" rel=\"noopener\">Suspenders4Hope<\/a>, que ahora est\u00e1 disponible en espa\u00f1ol, un programa de capacitaci\u00f3n sobre prevenci\u00f3n del suicidio basado en evidencias,  de una hora de duraci\u00f3n, donde aprender\u00e1 sobre el m\u00e9todo <em>Compartir, Preguntar, Apoyar<\/em> para identificar a alguien en peligro, intervenir y conectarlo con los recursos de crisis. Si est\u00e1 interesado en una presentaci\u00f3n de <em>Suspenders4Hope<\/em> en espa\u00f1ol, puede ponerse en contacto con <em>Alce su Voz<\/em> o con un especialista de<em> <a href=\"https:\/\/alcesuvoz.wichita.edu\/es\/blog\/hashtags\/WSUWeSupportU\/\" target=\"__blank\">#WSUWeSupportU<\/a> <\/em>en la universidad Wichita State.<\/p>\n\n\n\n<p class=\"translation-block\"><strong>Para encontrar un terapeuta en espa\u00f1ol en Wichita,<\/strong> puede ingresar su ciudad o c\u00f3digo postal en <a target=\"_blank\" href=\"https:\/\/www.psychologytoday.com\/us\/therapists\/kansas\" rel=\"noopener\"><strong>Psychology Today<\/strong><\/a>, un directorio nacional de terapeutas en l\u00ednea utilizado a menudo por terapeutas y otros profesionales, para encontrar terapeutas que hablen espa\u00f1ol en su \u00e1rea. En este sitio web, usted puede buscar terapeutas de acuerdo al seguro de salud (aseguranza) y el idioma, entre otras posibilidades de b\u00fasqueda con filtros que puede aplicar en su b\u00fasqueda de terapeutas.<\/p>\n\n\n\n<p class=\"translation-block\"><strong>Tambi\u00e9n puede <a href=\"https:\/\/docs.google.com\/file\/d\/1W2qzygnvHTN3eEksL4Qxua0uBZIxIuJP\/edit?usp=docslist_api&amp;filetype=msword\" target=\"_blank\" rel=\"noopener\">encontrar una lista de terapeutas hispanohablantes<\/a> aqu\u00ed.<\/strong><\/p>\n\n\n\n<p>Si usted o un ser querido est\u00e1 experimentando una crisis de salud mental, ahora puede acceder al <strong>988, una l\u00ednea para casos de suicidio y crisis, tanto en ingl\u00e9s como en espa\u00f1ol <\/strong><span style=\"color: #ff0000;\">Puede acceder al 988 por tel\u00e9fono, texto y chat, las 24 horas del d\u00eda, 7 d\u00edas a la semana. A nivel local, puede llamar al centro de crisis local al 316-660-7500, las 24 horas del d\u00eda, 7 d\u00edas a la semana. <\/span><\/p>\n\n\n\n<p class=\"translation-block\"><strong>Nota<\/strong>: Si decide llamar al centro de crisis local, es probable que el tel\u00e9fono lo conteste una persona que hable ingl\u00e9s, por lo que tiene que solicitar un int\u00e9rprete si lo necesita. Usted merece que le atiendan en su idioma.<\/p>\n\n\n\n<p><a href=\"https:\/\/alcesuvoz.wichita.edu\/es\/\" target=\"_blank\" rel=\"noopener\"><em><span style=\"color: #0563c1;\">Alce su voz<\/span><\/em><\/a><em> una coalici\u00f3n comunitariacuya misi\u00f3nes mejorarla equidad en la salud de los hispanohablantes y hablantes delenguas ind\u00edgenas en los EstadosUnidos, con unenfoque en Kansasy el medio oeste. Paraobtener mayor informaci\u00f3no paraparticipar, env\u00ede uncorreo electr\u00f3nico a <\/em><a href=\"mailto:alcesuvoz@gmail.com\" target=\"_blank\" rel=\"noopener\"><em><span style=\"color: #0563c1;\">alcesuvoz@gmail.com<\/span><\/em><\/a><em>. Tambi\u00e9n puede <\/em><a href=\"https:\/\/lp.constantcontactpages.com\/su\/BGdfhkV\" target=\"_blank\" rel=\"noopener\"><em><span style=\"color: #0563c1;\">unirse a nuestra lista de correo electr\u00f3nico<\/span><\/em><\/a><em> y seguirnos en <\/em><a href=\"https:\/\/www.facebook.com\/profile.php?id=100064895134005\" target=\"_blank\" rel=\"noopener\"><em><span style=\"color: #0563c1;\">Facebook<\/span><\/em><\/a><em>.<\/em><\/p>\n\n\n\n<figure class=\"wp-block-image\"><img decoding=\"async\" src=\"https:\/\/static.wixstatic.com\/media\/1dafc9_f9a09961a7314f5f81f04525bae6c073~mv2.jpg\" alt=\"\"\/><\/figure>","protected":false},"excerpt":{"rendered":"<p>By Kelly Guzman, with contributions by Rachel Showstack Kelly Guzman is a bilingual mental health clinician with a private practice in&#8230;<\/p>","protected":false},"author":3,"featured_media":247,"comment_status":"closed","ping_status":"closed","sticky":false,"template":"","format":"standard","meta":{"_EventAllDay":false,"_EventTimezone":"","_EventStartDate":"","_EventEndDate":"","_EventStartDateUTC":"","_EventEndDateUTC":"","_EventShowMap":false,"_EventShowMapLink":false,"_EventURL":"","_EventCost":"","_EventCostDescription":"","_EventCurrencySymbol":"","_EventCurrencyCode":"","_EventCurrencyPosition":"","_EventDateTimeSeparator":"","_EventTimeRangeSeparator":"","_EventOrganizerID":[],"_EventVenueID":[],"_OrganizerEmail":"","_OrganizerPhone":"","_OrganizerWebsite":"","_VenueAddress":"","_VenueCity":"","_VenueCountry":"","_VenueProvince":"","_VenueState":"","_VenueZip":"","_VenuePhone":"","_VenueURL":"","_VenueStateProvince":"","_VenueLat":"","_VenueLng":"","_VenueShowMap":false,"_VenueShowMapLink":false,"footnotes":""},"categories":[13],"tags":[],"class_list":["post-262","post","type-post","status-publish","format-standard","has-post-thumbnail","hentry","category-blogs","infinite-scroll-item","generate-columns","tablet-grid-50","mobile-grid-100","grid-parent","grid-50","resize-featured-image"],"_links":{"self":[{"href":"https:\/\/alcesuvoz.wichita.edu\/es\/wp-json\/wp\/v2\/posts\/262","targetHints":{"allow":["GET"]}}],"collection":[{"href":"https:\/\/alcesuvoz.wichita.edu\/es\/wp-json\/wp\/v2\/posts"}],"about":[{"href":"https:\/\/alcesuvoz.wichita.edu\/es\/wp-json\/wp\/v2\/types\/post"}],"author":[{"embeddable":true,"href":"https:\/\/alcesuvoz.wichita.edu\/es\/wp-json\/wp\/v2\/users\/3"}],"replies":[{"embeddable":true,"href":"https:\/\/alcesuvoz.wichita.edu\/es\/wp-json\/wp\/v2\/comments?post=262"}],"version-history":[{"count":3,"href":"https:\/\/alcesuvoz.wichita.edu\/es\/wp-json\/wp\/v2\/posts\/262\/revisions"}],"predecessor-version":[{"id":346,"href":"https:\/\/alcesuvoz.wichita.edu\/es\/wp-json\/wp\/v2\/posts\/262\/revisions\/346"}],"wp:featuredmedia":[{"embeddable":true,"href":"https:\/\/alcesuvoz.wichita.edu\/es\/wp-json\/wp\/v2\/media\/247"}],"wp:attachment":[{"href":"https:\/\/alcesuvoz.wichita.edu\/es\/wp-json\/wp\/v2\/media?parent=262"}],"wp:term":[{"taxonomy":"category","embeddable":true,"href":"https:\/\/alcesuvoz.wichita.edu\/es\/wp-json\/wp\/v2\/categories?post=262"},{"taxonomy":"post_tag","embeddable":true,"href":"https:\/\/alcesuvoz.wichita.edu\/es\/wp-json\/wp\/v2\/tags?post=262"}],"curies":[{"name":"wp","href":"https:\/\/api.w.org\/{rel}","templated":true}]}}