{"id":2489,"date":"2025-07-20T18:08:15","date_gmt":"2025-07-20T23:08:15","guid":{"rendered":"https:\/\/alcesuvoz.wichita.edu\/?p=2489"},"modified":"2025-07-25T17:43:59","modified_gmt":"2025-07-25T22:43:59","slug":"alce-su-vozs-impacts-ripple-through-communities-and-institutions","status":"publish","type":"post","link":"https:\/\/alcesuvoz.wichita.edu\/es\/2025\/07\/20\/alce-su-vozs-impacts-ripple-through-communities-and-institutions\/","title":{"rendered":"Los impactos de Alce su Voz se propagan a trav\u00e9s de comunidades e instituciones"},"content":{"rendered":"<p>Por Rachel Showstack, Marycarmen Cervantes, y Rommy Vargas-Bezubbikoff<\/p>\n\n\n\n<p class=\"has-medium-font-size\">La misi\u00f3n, la visi\u00f3n y los programas de Alce su Voz han surgido de conversaciones comunitarias en los \u00faltimos cinco a\u00f1os. Ahora, estamos comenzando a aprender c\u00f3mo facilitar conversaciones comunitarias para evaluar el impacto de nuestras actividades. En marzo y junio de 2025, dos grupos de wichitenses de habla hispana, incluyendo participantes nuevos y experimentados del programa Alce su Voz, se reunieron para colaborativamente ilustrar el impacto de nuestra iniciativa de acceso ling\u00fc\u00edstico en la atenci\u00f3n m\u00e9dica. Mediante estas actividades interactivas, llamadas \"mapeo de reacciones en cadena o efectos domin\u00f3\", aprendimos sobre los impactos directos e indirectos de nuestro trabajo en la mejora del acceso ling\u00fc\u00edstico en la atenci\u00f3n m\u00e9dica para los hispanohablantes en Wichita, y tambi\u00e9n aprendimos sobre las \u00e1reas donde se necesita hacer m\u00e1s trabajo. La doctora Showstack facilit\u00f3 una sesi\u00f3n de mapeo de efectos domin\u00f3 centrada en actividades de participaci\u00f3n comunitaria en el centro de defensa infantil <em>Child Advocacy Center<\/em> del Condado de Sedgwick en marzo y otra centrada en el desarrollo profesional de int\u00e9rpretes en el Centro Comunitario y Biblioteca <em>Evergreen<\/em> en junio.<\/p>\n\n\n\n<p class=\"has-medium-font-size\">Comenzando con l\u00edneas de tiempo de nuestras actividades (como sesiones de escucha, talleres y capacitaciones) dibujadas en papel\u00f3grafos, grupos de cinco a siete participantes discutieron el impacto de cada actividad y trazaron esos impactos en las l\u00edneas de tiempo. Los participantes se\u00f1alaron que algunos de los impactos dieron lugar a impactos adicionales; por ejemplo, nuestros talleres de acceso ling\u00fc\u00edstico dieron como resultado una mayor conciencia en la comunidad sobre el derecho de los pacientes a servicios de interpretaci\u00f3n profesional calificados, lo que, a su vez, empoder\u00f3 a las personas para exigir servicios equitativos de acceso ling\u00fc\u00edstico en hospitales y cl\u00ednicas, e incluso para informar a los profesionales de salud de su obligaci\u00f3n de brindar esos servicios. Desde que Alce su Voz comenz\u00f3 su trabajo, las agencias de atenci\u00f3n m\u00e9dica en Wichita han comenzado a desarrollar pol\u00edticas y procedimientos de acceso ling\u00fc\u00edstico, y algunas cl\u00ednicas est\u00e1n comenzando a cambiar sus pr\u00e1cticas de admisi\u00f3n y a preguntar a los pacientes sobre su preferencia de idioma de manera m\u00e1s consistente. Cuando se les proporcionaron servicios de interpretaci\u00f3n calificados, nuestros participantes dijeron que disfrutaron de una mayor privacidad en sus consultas m\u00e9dicas porque no ten\u00edan que depender de miembros de la familia para que les interpretaran. Otras actividades, como la campa\u00f1a de blogs de Alce su Voz, el informe t\u00e9cnico (<em>white paper<\/em>) y los videos de desarrollo profesional para los m\u00e9dicos, llamaron la atenci\u00f3n de los l\u00edderes de atenci\u00f3n m\u00e9dica y proporcionaron recursos educativos para los profesionales de la salud.<\/p>\n\n\n\n<p class=\"has-medium-font-size translation-block\">A pesar del consenso de que las personas de habla hispana han adquirido conciencia sobre sus derechos, durante la primera actividad de mapeo de efectos domin\u00f3 muchas de las personas en la sala a\u00fan tuvieron preguntas sobre la Secci\u00f3n 1557 de la Ley de cuidados de salud a bajo precio, una de las reglas federales m\u00e1s extensas que protegen a los pacientes contra la discriminaci\u00f3n en contextos de atenci\u00f3n m\u00e9dica. Al extender las protecciones implementadas bajo el T\u00edtulo VI de la Ley de Derechos Civiles, la Secci\u00f3n 1557 \"proh\u00edbe la discriminaci\u00f3n por motivos de raza, color, origen nacional, sexo, edad o discapacidad en los programas y actividades de salud cubiertos\"<sup data-fn=\"5c0971d8-8a77-4c64-9660-9c5571f49d9c\" class=\"fn\"><a href=\"#5c0971d8-8a77-4c64-9660-9c5571f49d9c\" id=\"5c0971d8-8a77-4c64-9660-9c5571f49d9c-link\" target=\"_self\">1<\/a><\/sup>. Incluye requisitos espec\u00edficos para garantizar que se brinde un \"acceso significativo\" a la atenci\u00f3n m\u00e9dica a las personas que generalmente se comunican en un idioma que no es el ingl\u00e9s y cuya capacidad para comunicarse en ingl\u00e9s es limitada. Los requisitos especifican a quienes se deben proporcionar los servicios de acceso ling\u00fc\u00edstico, que los servicios deben ser gratuitos para el paciente y que deben ser servicios calificados. En 2024, el Departamento de Salud y Servicios Humanos de EE. UU. implement\u00f3 una nueva regla que describe estipulaciones m\u00e1s espec\u00edficas sobre lo que deben hacer las instituciones de atenci\u00f3n m\u00e9dica para garantizar que brinden un acceso significativo a sus servicios sin discriminar. La actividad de mapeo de efectos domin\u00f3 mostr\u00f3 a Alce su Voz que tenemos m\u00e1s trabajo por hacer para educar a los habitantes de Kansas sobre la Secci\u00f3n 1557, en un momento en que la propia Ley de cuidados de salud a bajo precio podr\u00eda estar en peligro.<\/p>\n\n\n\n<p class=\"has-medium-font-size\">Adem\u00e1s de identificar oportunidades inesperadas de mejora, tambi\u00e9n reconocimos impactos positivos no intencionales en nuestras actividades. Marycarmen Cervantes, int\u00e9rprete que particip\u00f3 en la primera actividad de mapeo de efectos domin\u00f3, coment\u00f3 que nuestros programas pueden impactar positivamente la salud mental de los miembros de la comunidad que participan en nuestras actividades. Explic\u00f3 que el hecho de saber que hay l\u00edderes comunitarios y acad\u00e9micos que se preocupan por lograr un acceso equitativo a la atenci\u00f3n m\u00e9dica para personas que hablan idiomas distintos al ingl\u00e9s los hace sentirse valorados y vistos como seres humanos; agreg\u00f3 que ver a los estudiantes interesados en aprender sobre lenguas ind\u00edgenas les da a las personas ind\u00edgenas que viven en Estados Unidos la sensaci\u00f3n de que sus ra\u00edces y su idioma son valorados y que pueden ser ellos mismos sin la sensaci\u00f3n de tener que reprimir qui\u00e9nes son.<\/p>\n\n\n\n<p class=\"has-medium-font-size\">Despu\u00e9s de la segunda actividad de mapeo de efectos domin\u00f3, la directora de Participaci\u00f3n y educaci\u00f3n de int\u00e9rpretes de Alce su Voz, Rommy Vargas, concluy\u00f3 que \"el conocimiento, la confianza y las habilidades de autodefensa desarrolladas desde los talleres iniciales han pasado a trav\u00e9s de familias, vecindarios y redes profesionales\". De esta manera, los eventos de participaci\u00f3n comunitaria y de int\u00e9rpretes de Alce su Voz han impactado a un conjunto mucho m\u00e1s amplio de personas que las que participaron directamente en las actividades. Vargas-Bezzubikoff tambi\u00e9n se\u00f1al\u00f3 que \"el mapeo de efectos domin\u00f3 record\u00f3 a los participantes y organizadores por igual que el cambio de sistemas a menudo comienza con una historia\". Las historias personales permiten a nuestro equipo identificar los problemas que son importantes para aquellos a quienes sirve nuestro trabajo; las mismas historias pueden ayudar a un legislador a comprender el impacto de las pol\u00edticas para personas vulnerables.<\/p>\n\n\n\n<p class=\"has-medium-font-size\">El mapeo de efectos domin\u00f3 es una forma de evaluaci\u00f3n de proyectos que se puede utilizar en enfoques promovidos por la comunidad para mejorar la salud y el bienestar de la comunidad. En los enfoques de equidad en salud impulsados por la comunidad, los miembros de la comunidad a la cual un programa est\u00e1 dise\u00f1ado a impactar, colaboran en el proyecto en lugar de ser solo asistentes. En uno de estos enfoques, llamado investigaci\u00f3n participativa basada en la comunidad (CBPR, por sus siglas en ingl\u00e9s), la participaci\u00f3n de la comunidad abarca todas las fases de una iniciativa, desde la identificaci\u00f3n de un problema que afecta a la comunidad, hasta el dise\u00f1o de una soluci\u00f3n innovadora para ese problema, la evaluaci\u00f3n de su impacto en la comunidad y, finalmente, educar a otros sobre los hallazgos. La CBPR y otros enfoques de investigaci\u00f3n en los que participa la comunidad difieren de los enfoques tradicionales de investigaci\u00f3n de salud que a veces se describen como \"extractivos\" o incluso \"explotadores\".<\/p>\n\n\n\n<p class=\"has-medium-font-size\">Tradicionalmente, los investigadores tanto de salud p\u00fablica como de ling\u00fc\u00edstica se han basado en la recopilaci\u00f3n de datos de las comunidades, tales como resultados de salud o grabaciones del uso del lenguaje, que analizan para obtener conclusiones sobre las comunidades. Los resultados de la investigaci\u00f3n generalmente se publican principalmente en revistas acad\u00e9micas que no est\u00e1n f\u00e1cilmente disponibles al p\u00fablico, y los acad\u00e9micos generalmente obtienen mucho m\u00e1s cr\u00e9dito de sus instituciones y comunidades profesionales por sus publicaciones en revistas acad\u00e9micas que por difundirlas al p\u00fablico en general, tal como la publicaci\u00f3n de este blog. Sin embargo, el trabajo que hacemos con las comunidades a las que servimos es lo que tiene un impacto directo en la vida de las personas, y Alce su Voz tiene el compromiso de involucrar a las comunidades latinas e ind\u00edgenas de Kansas a trav\u00e9s de todas las etapas de nuestros programas. En un momento en que estas comunidades est\u00e1n amenazadas, existe una mayor necesidad de continuar el trabajo que estamos haciendo para mejorar el acceso a la atenci\u00f3n m\u00e9dica para las personas cuya preferencia de idioma no es el ingl\u00e9s.<\/p>\n\n\n\n<p class=\"has-medium-font-size\">Extendemos nuestra m\u00e1s sincera gratitud a la doctora Evelyn V\u00e1squez y al equipo de <em>Unidas por Salud <\/em>del sur de California por la inspiraci\u00f3n para seguir sus pasos y realizar actividades de mapeo de efectos domin\u00f3 con los participantes de nuestro programa comunitario.<\/p>\n\n\n\n<figure class=\"wp-block-embed\" align=\"center\"><iframe loading=\"lazy\" src=\"https:\/\/prezi.com\/p\/embed\/gyiwhzzzljxl\/\" id=\"iframe_container\" frameborder=\"0\" webkitallowfullscreen=\"\" mozallowfullscreen=\"\" allowfullscreen=\"\" allow=\"autoplay; fullscreen\" height=\"560\" width=\"940\"><\/iframe><\/figure>\n\n\n\n<p class=\"translation-block\"><em><a href=\"https:\/\/alcesuvoz.wichita.edu\/es\" target=\"_blank\" rel=\"noreferrer noopener\">Alce su voz<\/a> es una coalici\u00f3n comunitaria cuya misi\u00f3nes mejorarla equidad en la salud de los hispanohablantes y hablantes de lenguas ind\u00edgenas en los Estados Unidos, con un enfoque en Kansas y el medio oeste. Para obtener mayor informaci\u00f3n paraparticipar, env\u00ede un correo electr\u00f3nico a <\/em><a href=\"mailto:alcesuvoz@wichita.edu\" target=\"_blank\" rel=\"noreferrer noopener\"><em>alcesuvoz@wichita.edu<\/em><\/a><em>. Tambi\u00e9n puede <\/em><a href=\"https:\/\/lp.constantcontactpages.com\/su\/BGdfhkV\" target=\"_blank\" rel=\"noreferrer noopener\"><em>unirse a nuestra lista de correo electr\u00f3nico<\/em><\/a> y seguirnos en <a href=\"https:\/\/www.facebook.com\/profile.php?id=100064895134005\" target=\"_blank\" rel=\"noreferrer noopener\">Facebook.<\/a><\/em><\/p>\n\n\n\n<hr class=\"wp-block-separator has-alpha-channel-opacity\"\/>\n\n\n<ol class=\"wp-block-footnotes\"><li id=\"5c0971d8-8a77-4c64-9660-9c5571f49d9c\">Office of Civil Rights of the U.S. Department of Health and Human Services. (Dec. 4, 2024). Language Access Provisions of the Final Rule Implementing Section 1557 of the Affordable Care Act. <a href=\"#5c0971d8-8a77-4c64-9660-9c5571f49d9c-link\" aria-label=\"Saltar a la referencia de la nota al pie 1\">\u21a9\ufe0e<\/a><\/li><\/ol>","protected":false},"excerpt":{"rendered":"<p>By Rachel Showstack, Marycarmen Cervantes, and Rommy Vargas-Bezubbikoff Alce su Voz\u2019s mission, vision, and programs have all emerged over the past five years from community &#8230; <a title=\"Los impactos de Alce su Voz se propagan a trav\u00e9s de comunidades e instituciones\" class=\"read-more\" href=\"https:\/\/alcesuvoz.wichita.edu\/es\/2025\/07\/20\/alce-su-vozs-impacts-ripple-through-communities-and-institutions\/\" aria-label=\"Leer m\u00e1s sobre Alce su Voz\u2019s Impacts Ripple Through Communities and Institutions\">Read more<\/a><\/p>","protected":false},"author":3,"featured_media":2600,"comment_status":"closed","ping_status":"closed","sticky":false,"template":"","format":"standard","meta":{"_EventAllDay":false,"_EventTimezone":"","_EventStartDate":"","_EventEndDate":"","_EventStartDateUTC":"","_EventEndDateUTC":"","_EventShowMap":false,"_EventShowMapLink":false,"_EventURL":"","_EventCost":"","_EventCostDescription":"","_EventCurrencySymbol":"","_EventCurrencyCode":"","_EventCurrencyPosition":"","_EventDateTimeSeparator":"","_EventTimeRangeSeparator":"","_EventOrganizerID":[],"_EventVenueID":[],"_OrganizerEmail":"","_OrganizerPhone":"","_OrganizerWebsite":"","_VenueAddress":"","_VenueCity":"","_VenueCountry":"","_VenueProvince":"","_VenueState":"","_VenueZip":"","_VenuePhone":"","_VenueURL":"","_VenueStateProvince":"","_VenueLat":"","_VenueLng":"","_VenueShowMap":false,"_VenueShowMapLink":false,"footnotes":"[{\"content\":\"Office of Civil Rights of the U.S. Department of Health and Human Services. (Dec. 4, 2024). Language Access Provisions of the Final Rule Implementing Section 1557 of the Affordable Care Act.\",\"id\":\"5c0971d8-8a77-4c64-9660-9c5571f49d9c\"}]"},"categories":[13],"tags":[],"class_list":["post-2489","post","type-post","status-publish","format-standard","has-post-thumbnail","hentry","category-blogs","infinite-scroll-item","generate-columns","tablet-grid-50","mobile-grid-100","grid-parent","grid-50","resize-featured-image"],"_links":{"self":[{"href":"https:\/\/alcesuvoz.wichita.edu\/es\/wp-json\/wp\/v2\/posts\/2489","targetHints":{"allow":["GET"]}}],"collection":[{"href":"https:\/\/alcesuvoz.wichita.edu\/es\/wp-json\/wp\/v2\/posts"}],"about":[{"href":"https:\/\/alcesuvoz.wichita.edu\/es\/wp-json\/wp\/v2\/types\/post"}],"author":[{"embeddable":true,"href":"https:\/\/alcesuvoz.wichita.edu\/es\/wp-json\/wp\/v2\/users\/3"}],"replies":[{"embeddable":true,"href":"https:\/\/alcesuvoz.wichita.edu\/es\/wp-json\/wp\/v2\/comments?post=2489"}],"version-history":[{"count":16,"href":"https:\/\/alcesuvoz.wichita.edu\/es\/wp-json\/wp\/v2\/posts\/2489\/revisions"}],"predecessor-version":[{"id":2714,"href":"https:\/\/alcesuvoz.wichita.edu\/es\/wp-json\/wp\/v2\/posts\/2489\/revisions\/2714"}],"wp:featuredmedia":[{"embeddable":true,"href":"https:\/\/alcesuvoz.wichita.edu\/es\/wp-json\/wp\/v2\/media\/2600"}],"wp:attachment":[{"href":"https:\/\/alcesuvoz.wichita.edu\/es\/wp-json\/wp\/v2\/media?parent=2489"}],"wp:term":[{"taxonomy":"category","embeddable":true,"href":"https:\/\/alcesuvoz.wichita.edu\/es\/wp-json\/wp\/v2\/categories?post=2489"},{"taxonomy":"post_tag","embeddable":true,"href":"https:\/\/alcesuvoz.wichita.edu\/es\/wp-json\/wp\/v2\/tags?post=2489"}],"curies":[{"name":"wp","href":"https:\/\/api.w.org\/{rel}","templated":true}]}}