{"id":2096,"date":"2022-10-05T12:00:50","date_gmt":"2022-10-05T17:00:50","guid":{"rendered":"https:\/\/alcesuvoz.wichita.edu\/?p=2096"},"modified":"2025-04-10T20:07:26","modified_gmt":"2025-04-11T01:07:26","slug":"las-elecciones-generales-de-2022-y-la-importancia-de-votar","status":"publish","type":"post","link":"https:\/\/alcesuvoz.wichita.edu\/es\/2022\/10\/05\/las-elecciones-generales-de-2022-y-la-importancia-de-votar\/","title":{"rendered":"Las elecciones generales de 2022 y la importancia de votar"},"content":{"rendered":"<p>por Alondra Aguilera<\/p>\n\n\n\n<p class=\"has-medium-font-size\" id=\"foo\">\u00a1Hola! Soy Alondra Aguilera y soy estudiante de tercer a\u00f1o de educaci\u00f3n en espa\u00f1ol en la Universidad Estatal de Wichita. Ademas de ser estudiante, soy asistente de investigaci\u00f3n de la Dra. Rachel Showstack y tambi\u00e9n paso mucho de mi tiempo libre en organizaciones que se enfocan en la justicia social y la diversidad. Al igual que involucrarme en estas organizaciones, disfruto mantenerme al d\u00eda con las pol\u00edticas que suceden en el estado de Kansas.<\/p>\n\n\n\n<p class=\"has-medium-font-size\" id=\"7c3d4\">Las elecciones intermedias se acercan este noviembre, lo que significa que tendremos la oportunidad de elegir de nuevo a senadores y representantes (diputados) nacionales y estatales, al igual que al gobernador y los comisionados de nuestros respectivos condados. Tambi\u00e9n podremos tomar decisiones sobre cambios, o enmiendas, a la constituci\u00f3n del estado de Kansas.<\/p>\n\n\n\n<p class=\"has-medium-font-size\" id=\"4750a\">Con esto en mente, es importante que nuestra comunidad latina salga a votar para que seamos representados y para que se oiga nuestra voz. Es importante que podamos elegir a personas, especialmente en el gobierno estatal y local, que les importen los temas que m\u00e1s nos afectan como comunidad. Nosotros seremos sus electores y tenemos el derecho de expresarles nuestras preocupaciones y exigencias.<\/p>\n\n\n\n<h4 class=\"wp-block-heading has-medium-font-size\" id=\"98hrl\"><strong>Las elecciones para el Congreso nacional y para Gobernador<\/strong><\/h4>\n\n\n\n<p class=\"has-medium-font-size\" id=\"ff4f6\">Kansas es representado en el Congreso nacional por 2 senadores y 4 representantes. En estas elecciones, todo el estado tendr\u00e1 la oportunidad de elegir un senador. Sin embargo, los 4 representantes ser\u00e1n elegidos por su distrito respectivo. Tambi\u00e9n se elegir\u00e1 al gobernador (o gobernadora) de Kansas. Si usted quisiera ver qui\u00e9nes son los candidatos para gobernador(a) y para representantes o diputados de su distrito, puede encontrar mucha informaci\u00f3n en espa\u00f1ol en el sitio web de <a href=\"https:\/\/thevoternetwork.org\/ksboleta\/\" target=\"_blank\" rel=\"noreferrer noopener\"><em>\u201cThe Voter Network\u201d<\/em><\/a><\/p>\n\n\n\n<h4 class=\"wp-block-heading has-medium-font-size\" id=\"dkd65\"><strong>Las elecciones para el Congreso estatal<\/strong><\/h4>\n\n\n\n<p class=\"has-medium-font-size\" id=\"713af\">Este a\u00f1o en Kansas tambi\u00e9n se elegir\u00e1n a los representantes que ir\u00e1n a la C\u00e1mara de Diputados, que es parte de la legislatura estatal. Estos representantes se eligen en base al distrito, y usted puede encontrarlos <a href=\"https:\/\/ksleglookup.org\/\" rel=\"noreferrer noopener\" target=\"_blank\">aqu\u00ed<\/a> o en el enlace creado por <a href=\"https:\/\/thevoternetwork.org\/ksboleta\/\" rel=\"noreferrer noopener\" target=\"_blank\"><em>\u201cThe Voter Network\u201d<\/em><\/a>, en los cuales puede escribir su direcci\u00f3n y encontrar a sus candidatos.<\/p>\n\n\n\n<p class=\"has-medium-font-size\" id=\"fmdtc\">Nota: Hace poco se hicieron cambios en algunos distritos de Kansas, lo que se deber\u00eda considerar al usar estos sitios.<\/p>\n\n\n\n<h4 class=\"wp-block-heading has-medium-font-size\" id=\"fbpvu\"><strong>El Comisionado del condado<\/strong><\/h4>\n\n\n\n<p class=\"has-medium-font-size\" id=\"92fgr\">En el condado de Sedgwick tambi\u00e9n habr\u00e1 elecciones para comisionado del condado. Esto podr\u00eda impactarnos directamente ya que el comisionado puede tomar decisiones legislativas en el \u00e1rea del condado. Si desea encontrar su distrito en el condado, puede ver este <a href=\"https:\/\/www.sedgwickcounty.org\/GisImages\/printablemaps\/cousc_bocc_c.pdf\" rel=\"noreferrer noopener\" target=\"_blank\">mapa<\/a>. Para ver todos los candidatos para comisionado, puede ver esta <a href=\"https:\/\/www.sedgwickcounty.org\/elections\/current-candidates\/?OfficeId=28\" rel=\"noreferrer noopener\" target=\"_blank\">lista<\/a>. Tambi\u00e9n puede seguir utilizar el enlace de <em>\u201cThe Voter Network\u201d<\/em> en espa\u00f1ol.<\/p>\n\n\n\n<h4 class=\"wp-block-heading has-medium-font-size\" id=\"2a94i\"><strong>Enmiendas<\/strong><\/h4>\n\n\n\n<p class=\"has-medium-font-size\" id=\"cp44s\"><em>Enmienda sobre el veto<\/em><\/p>\n\n\n\n<p class=\"has-medium-font-size\" id=\"9898n\">Si se vota que s\u00ed, esta enmienda permite que los legisladores puedan suspender las decisiones que tome el gobernador con s\u00f3lo tener m\u00e1s del 50% del voto en contra de la decisi\u00f3n del gobernador.<\/p>\n\n\n\n<p class=\"has-medium-font-size\" id=\"fo207\"><em>Enmienda sobre el alguacil (\u2018sheriff\u2019) del condado<\/em><\/p>\n\n\n\n<p class=\"has-medium-font-size\" id=\"ac05c\">Si se vota que s\u00ed, la enmienda requerir\u00eda que se elijan alguaciles de condado en condados que no hayan abolido esta posici\u00f3n desde enero de 2022 y permite que los alguaciles se puedan cambiar o retirar por el ministro de justicia de Kansas.<\/p>\n\n\n\n<p class=\"has-medium-font-size\" id=\"op7d\">Si desea m\u00e1s informaci\u00f3n sobre estas enmiendas, hay informaci\u00f3n en ingl\u00e9s <a href=\"https:\/\/ballotpedia.org\/Kansas_2022_ballot_measures\" rel=\"noreferrer noopener\" target=\"_blank\">aqu\u00ed<\/a> o para informaci\u00f3n en espa\u00f1ol, vaya a este <a href=\"https:\/\/thevoternetwork.org\/wp-content\/uploads\/2022\/09\/2022-November-Election-Amendments-Explainer_Spanish.docx.pdf\" rel=\"noreferrer noopener\" target=\"_blank\">documento<\/a>.<\/p>\n\n\n\n<h6 class=\"wp-block-heading has-medium-font-size\" id=\"4ia44\">En resumen\u2026<\/h6>\n\n\n\n<p class=\"has-medium-font-size\" id=\"a27oa\">Para m\u00ed y para muchos es importante saber qui\u00e9nes son nuestros candidatos y cu\u00e1les son los cambios que se podr\u00edan crear en estas elecciones. Personalmente, al votar, he tenido la oportunidad de oponerme a cambios con los que no estaba de acuerdo y al expresar mis exigencias a mis legisladores directamente, por medio de llamadas o correos electr\u00f3nicos, he podido tener el apoyo de algunos de mis representantes (diputados) y senadores.<\/p>\n\n\n\n<p class=\"has-medium-font-size\" id=\"976hg\">Los cambios estatales, en los condados y en las ciudades en las que vivimos, son muy directos y pueden impactar nuestro d\u00eda a d\u00eda. Al alzar nuestra voz, les hacemos saber a los pol\u00edticos locales y estatales que estamos aqu\u00ed y que nuestras comunidades deben ser escuchadas y respetadas.<\/p>\n\n\n\n<p class=\"has-medium-font-size\" id=\"5drep\">Si quiere ver una lista completa de <em>todos<\/em> los candidatos para todos los puestos en el condado de Sedgwick y el estado de Kansas, puede ver esta <a href=\"https:\/\/www.sedgwickcounty.org\/elections\/current-candidates\/?OfficeId=\" rel=\"noreferrer noopener\" target=\"_blank\">lista<\/a> creada por el condado de Sedgwick. Tambi\u00e9n puede inscribirse en nuestro siguiente taller de <em>Alce su voz<\/em> que se llevar\u00e1 a cabo el 8 de octubre usando este <a href=\"https:\/\/forms.gle\/5u1wmkv2seVtrKax8\" rel=\"noreferrer noopener\" target=\"_blank\">enlace<\/a>.<\/p>\n\n\n\n<p><\/p>","protected":false},"excerpt":{"rendered":"<p>por Alondra Aguilera \u00a1Hola! Soy Alondra Aguilera y soy estudiante de tercer a\u00f1o de educaci\u00f3n en espa\u00f1ol en la Universidad Estatal de Wichita. Ademas de &#8230; <a title=\"Las elecciones generales de 2022 y la importancia de votar\" class=\"read-more\" href=\"https:\/\/alcesuvoz.wichita.edu\/es\/2022\/10\/05\/las-elecciones-generales-de-2022-y-la-importancia-de-votar\/\" aria-label=\"Leer m\u00e1s sobre Las elecciones generales de 2022 y la importancia de votar\">Read more<\/a><\/p>","protected":false},"author":3,"featured_media":2102,"comment_status":"closed","ping_status":"open","sticky":false,"template":"","format":"standard","meta":{"_EventAllDay":false,"_EventTimezone":"","_EventStartDate":"","_EventEndDate":"","_EventStartDateUTC":"","_EventEndDateUTC":"","_EventShowMap":false,"_EventShowMapLink":false,"_EventURL":"","_EventCost":"","_EventCostDescription":"","_EventCurrencySymbol":"","_EventCurrencyCode":"","_EventCurrencyPosition":"","_EventDateTimeSeparator":"","_EventTimeRangeSeparator":"","_EventOrganizerID":[],"_EventVenueID":[],"_OrganizerEmail":"","_OrganizerPhone":"","_OrganizerWebsite":"","_VenueAddress":"","_VenueCity":"","_VenueCountry":"","_VenueProvince":"","_VenueState":"","_VenueZip":"","_VenuePhone":"","_VenueURL":"","_VenueStateProvince":"","_VenueLat":"","_VenueLng":"","_VenueShowMap":false,"_VenueShowMapLink":false,"footnotes":""},"categories":[13],"tags":[],"class_list":["post-2096","post","type-post","status-publish","format-standard","has-post-thumbnail","hentry","category-blogs","infinite-scroll-item","generate-columns","tablet-grid-50","mobile-grid-100","grid-parent","grid-50","resize-featured-image"],"_links":{"self":[{"href":"https:\/\/alcesuvoz.wichita.edu\/es\/wp-json\/wp\/v2\/posts\/2096","targetHints":{"allow":["GET"]}}],"collection":[{"href":"https:\/\/alcesuvoz.wichita.edu\/es\/wp-json\/wp\/v2\/posts"}],"about":[{"href":"https:\/\/alcesuvoz.wichita.edu\/es\/wp-json\/wp\/v2\/types\/post"}],"author":[{"embeddable":true,"href":"https:\/\/alcesuvoz.wichita.edu\/es\/wp-json\/wp\/v2\/users\/3"}],"replies":[{"embeddable":true,"href":"https:\/\/alcesuvoz.wichita.edu\/es\/wp-json\/wp\/v2\/comments?post=2096"}],"version-history":[{"count":2,"href":"https:\/\/alcesuvoz.wichita.edu\/es\/wp-json\/wp\/v2\/posts\/2096\/revisions"}],"predecessor-version":[{"id":2104,"href":"https:\/\/alcesuvoz.wichita.edu\/es\/wp-json\/wp\/v2\/posts\/2096\/revisions\/2104"}],"wp:featuredmedia":[{"embeddable":true,"href":"https:\/\/alcesuvoz.wichita.edu\/es\/wp-json\/wp\/v2\/media\/2102"}],"wp:attachment":[{"href":"https:\/\/alcesuvoz.wichita.edu\/es\/wp-json\/wp\/v2\/media?parent=2096"}],"wp:term":[{"taxonomy":"category","embeddable":true,"href":"https:\/\/alcesuvoz.wichita.edu\/es\/wp-json\/wp\/v2\/categories?post=2096"},{"taxonomy":"post_tag","embeddable":true,"href":"https:\/\/alcesuvoz.wichita.edu\/es\/wp-json\/wp\/v2\/tags?post=2096"}],"curies":[{"name":"wp","href":"https:\/\/api.w.org\/{rel}","templated":true}]}}