{"id":2062,"date":"2022-08-04T00:00:37","date_gmt":"2022-08-04T05:00:37","guid":{"rendered":"https:\/\/alcesuvoz.wichita.edu\/?p=2062"},"modified":"2025-04-16T15:28:03","modified_gmt":"2025-04-16T20:28:03","slug":"four-successful-workshops","status":"publish","type":"post","link":"https:\/\/alcesuvoz.wichita.edu\/es\/2022\/08\/04\/four-successful-workshops\/","title":{"rendered":"Four Successful Workshops"},"content":{"rendered":"<p>by Rachel Showstack<\/p>\n\n\n\n<p class=\"has-medium-font-size\" id=\"da2gp\"><em>Alce su Voz<\/em>\u2019s inaugural workshop series was a great success! We offered a series of educational workshops for Wichita\u2019s Spanish-speaking community, with topics that were chosen based on ideas from members and the advisory board. The workshops were funded by a grant from the <a href=\"https:\/\/kansashealth.org\/\" target=\"_blank\" rel=\"noreferrer noopener\">Kansas Health Foundation<\/a>.<\/p>\n\n\n\n<p class=\"has-medium-font-size\" id=\"fic5n\">In March, <a href=\"https:\/\/alcesuvoz.wixsite.com\/website\/francisco-paco-martinez-copy\" rel=\"noreferrer noopener\" target=\"_blank\">Francisco (Paco) Mart\u00ednez<\/a>, the culture and language coach at Children\u2019s Mercy Hospital in Kansas City, Missouri, presented the first workshop <em>Su derecho a los servicios profesionales de interpretaci\u00f3n m\u00e9dica (Your right to professional medical interpreting services)<\/em>. In this workshop, Paco offered us the tools and information needed for Spanish-speaking patients to demand qualified interpreting services when they go to the doctor.<\/p>\n\n\n\n<p class=\"has-medium-font-size\" id=\"ci5g5\">The second workshop, <em>La navegaci\u00f3n del sistema de salud de EE.UU<\/em>. <em>(Navigating the U.S. healthcare system)<\/em>, was presented by <a href=\"https:\/\/alcesuvoz.wixsite.com\/website\/about\" rel=\"noreferrer noopener\" target=\"_blank\">Juventino Nava<\/a> y <a href=\"https:\/\/alcesuvoz.wixsite.com\/website\/juventino-nava-copy\" rel=\"noreferrer noopener\" target=\"_blank\">Diego Romero<\/a> of GraceMed Clinic\u2019s Department of Community Extension and Eligibility. Their workshop covered health services navigation, including Medicaid\/KanCare access and how to use health insurance to pay for care. <a href=\"https:\/\/gracemed.org\/services\/education-outreach\/health-insurance-navigators\" rel=\"noreferrer noopener\" target=\"_blank\">Grace Med\u2019s health insurance navigators<\/a> are available to answer your questions about health insurance and KanCare.<\/p>\n\n\n\n<p class=\"has-medium-font-size\" id=\"d2i6l\">In May, <a href=\"https:\/\/alcesuvoz.wichita.edu\/es\/catalina-garc%C3%ADa-copy\/\" rel=\"noreferrer noopener\" target=\"_blank\"><u>Maricel Santos<\/u><\/a>, Professor and Chair of the English Department at San Francisco State University, collaborated with <em>promotoras de salud<\/em> (community health workers) <a href=\"https:\/\/alcesuvoz.wixsite.com\/website\/francisco-paco-martinez-copy-copy\" rel=\"noreferrer noopener\" target=\"_blank\">Denise Romero<\/a> y <a href=\"https:\/\/alcesuvoz.wixsite.com\/website\/denise-romero-copy\" rel=\"noreferrer noopener\" target=\"_blank\">Catalina Garc\u00eda<\/a> of <a href=\"https:\/\/www.facebook.com\/healthy4evergreen\" rel=\"noreferrer noopener\" target=\"_blank\">Salud + Bienestar<\/a> to plan our third workshop <em>La comprensi\u00f3n de la informaci\u00f3n de salud p\u00fablica (Understanding public health information)<\/em>. The workshop included a visit from Daisy Urbina of the <a href=\"https:\/\/www.sedgwickcounty.org\/health\/\" rel=\"noreferrer noopener\" target=\"_blank\">Sedgwick County Health Department<\/a>, who summarized all of the services that the county offers. Afterward, the participants reflected about how they receive and evaluate health information and how this information is disseminated in their communities.<\/p>\n\n\n\n<p class=\"has-medium-font-size\" id=\"3pfft\">Finally, in June, we learned from <a href=\"https:\/\/alcesuvoz.wixsite.com\/website\/blank-page\" rel=\"noreferrer noopener\" target=\"_blank\">Aud\u00e9 Negrete<\/a>, the Executive Director of the Kansa Hispanic and Latino American Affairs Commission, and Catalina Velarde, an immigration lawyer and educator, about how to make our voices heard in the political arena. The workshop participants wrote <em>testimonios<\/em> (testimonies) about their experiences with language barriers in health care, and in each <em>testimonio<\/em> they included a call to action to make a greater impact with their voices. Some of these <em>testimonios<\/em> were recorded afterward, and we are going to share them here over the next few months.<\/p>\n\n\n\n<p class=\"has-medium-font-size\" id=\"fkegk\">Since the workshops were so successful and the participants suggested many more topics, we are currently raising funds to offer more workshops in Wichita and in other parts of Kansas. If you would like to donate money for this project, you can send an email to <a href=\"mailto:alcesuvoz@gmail.com\" target=\"_blank\" rel=\"noreferrer noopener\"><\/a><a href=\"mailto:alcesuvoz@wichita.edu\">alcesuvoz@wichita.edu<\/a> or you can donate <a href=\"https:\/\/alcesuvoz.wichita.edu\/es\/donate\/\" target=\"_blank\" rel=\"noreferrer noopener\">here<\/a>.<\/p>","protected":false},"excerpt":{"rendered":"<p>by Rachel Showstack Alce su Voz\u2019s inaugural workshop series was a great success! We offered a series of educational workshops for Wichita\u2019s Spanish-speaking community, with &#8230; <a title=\"Four Successful Workshops\" class=\"read-more\" href=\"https:\/\/alcesuvoz.wichita.edu\/es\/2022\/08\/04\/four-successful-workshops\/\" aria-label=\"Leer m\u00e1s sobre Four Successful Workshops\">Read more<\/a><\/p>","protected":false},"author":3,"featured_media":2098,"comment_status":"closed","ping_status":"open","sticky":false,"template":"","format":"standard","meta":{"_EventAllDay":false,"_EventTimezone":"","_EventStartDate":"","_EventEndDate":"","_EventStartDateUTC":"","_EventEndDateUTC":"","_EventShowMap":false,"_EventShowMapLink":false,"_EventURL":"","_EventCost":"","_EventCostDescription":"","_EventCurrencySymbol":"","_EventCurrencyCode":"","_EventCurrencyPosition":"","_EventDateTimeSeparator":"","_EventTimeRangeSeparator":"","_EventOrganizerID":[],"_EventVenueID":[],"_OrganizerEmail":"","_OrganizerPhone":"","_OrganizerWebsite":"","_VenueAddress":"","_VenueCity":"","_VenueCountry":"","_VenueProvince":"","_VenueState":"","_VenueZip":"","_VenuePhone":"","_VenueURL":"","_VenueStateProvince":"","_VenueLat":"","_VenueLng":"","_VenueShowMap":false,"_VenueShowMapLink":false,"footnotes":""},"categories":[13],"tags":[],"class_list":["post-2062","post","type-post","status-publish","format-standard","has-post-thumbnail","hentry","category-blogs","infinite-scroll-item","generate-columns","tablet-grid-50","mobile-grid-100","grid-parent","grid-50","resize-featured-image"],"_links":{"self":[{"href":"https:\/\/alcesuvoz.wichita.edu\/es\/wp-json\/wp\/v2\/posts\/2062","targetHints":{"allow":["GET"]}}],"collection":[{"href":"https:\/\/alcesuvoz.wichita.edu\/es\/wp-json\/wp\/v2\/posts"}],"about":[{"href":"https:\/\/alcesuvoz.wichita.edu\/es\/wp-json\/wp\/v2\/types\/post"}],"author":[{"embeddable":true,"href":"https:\/\/alcesuvoz.wichita.edu\/es\/wp-json\/wp\/v2\/users\/3"}],"replies":[{"embeddable":true,"href":"https:\/\/alcesuvoz.wichita.edu\/es\/wp-json\/wp\/v2\/comments?post=2062"}],"version-history":[{"count":2,"href":"https:\/\/alcesuvoz.wichita.edu\/es\/wp-json\/wp\/v2\/posts\/2062\/revisions"}],"predecessor-version":[{"id":2099,"href":"https:\/\/alcesuvoz.wichita.edu\/es\/wp-json\/wp\/v2\/posts\/2062\/revisions\/2099"}],"wp:featuredmedia":[{"embeddable":true,"href":"https:\/\/alcesuvoz.wichita.edu\/es\/wp-json\/wp\/v2\/media\/2098"}],"wp:attachment":[{"href":"https:\/\/alcesuvoz.wichita.edu\/es\/wp-json\/wp\/v2\/media?parent=2062"}],"wp:term":[{"taxonomy":"category","embeddable":true,"href":"https:\/\/alcesuvoz.wichita.edu\/es\/wp-json\/wp\/v2\/categories?post=2062"},{"taxonomy":"post_tag","embeddable":true,"href":"https:\/\/alcesuvoz.wichita.edu\/es\/wp-json\/wp\/v2\/tags?post=2062"}],"curies":[{"name":"wp","href":"https:\/\/api.w.org\/{rel}","templated":true}]}}