{"id":2055,"date":"2023-06-05T00:00:37","date_gmt":"2023-06-05T05:00:37","guid":{"rendered":"https:\/\/alcesuvoz.wichita.edu\/?p=2055"},"modified":"2025-04-10T18:40:18","modified_gmt":"2025-04-10T23:40:18","slug":"supporting-multilingualism-for-health-equity-in-public-education-in-kansas-2","status":"publish","type":"post","link":"https:\/\/alcesuvoz.wichita.edu\/es\/2023\/06\/05\/supporting-multilingualism-for-health-equity-in-public-education-in-kansas-2\/","title":{"rendered":"Apoyando el multiling\u00fcismo en la educaci\u00f3n p\u00fablica para la equidad en la salud en Kansas"},"content":{"rendered":"<p>By Rachael Showstack<\/p>\n\n\n\n<p class=\"has-medium-font-size translation-block\" id=\"viewer-foo\">La educaci\u00f3n se ha considerado durante mucho tiempo un \u00ab<a target=\"_blank\" href=\"https:\/\/health.gov\/healthypeople\/priority-areas\/social-determinants-health\" rel=\"noopener\">determinante social de la salud<\/a>\u00bb; (SoDH, por sus siglas en ingl\u00e9s), o una condici\u00f3n en la que las personas viven que afecta su calidad de vida en general y sus resultados de salud. Por ejemplo, las investigaciones demuestran que las personas con niveles educativos m\u00e1s bajos tienen m\u00e1s probabilidades de sufrir ciertos problemas de salud que pueden atribuirse a factores de su estilo de vida, como enfermedades del coraz\u00f3n y diabetes.<\/p>\n\n\n\n<p class=\"has-medium-font-size translation-block\" id=\"viewer-o1p2\">El marco de referencia <a target=\"_blank\" href=\"https:\/\/health.gov\/healthypeople\" rel=\"noopener\">Healthy People 2030<\/a>  (Gente saludable 2030) detalla un conjunto de objetivos educativos para mejorar la salud de la comunidad, al aumentar las tasas de graduaci\u00f3n, la asistencia a la universidad y los niveles de lectura. Estos objetivos son pasos importantes hacia el logro de la <a target=\"_blank\" href=\"https:\/\/health.gov\/healthypeople\/priority-areas\/health-equity-healthy-people-2030\" rel=\"noopener\">equidad en salud<\/a>, una condici\u00f3n en la que todos puedan alcanzar su nivel de salud m\u00e1s alto posible.<\/p>\n\n\n\n<p class=\"has-medium-font-size translation-block\" id=\"viewer-b745o\">El s\u00e1bado, en la <a target=\"_blank\" href=\"https:\/\/www.facebook.com\/events\/213606094812573?ref=newsfeed\" rel=\"noopener\">Cumbre de Multiling\u00fcismo de Kansas<\/a>, argument\u00e9 que las oportunidades educativas de una persona pueden afectar no solo sus propios resultados de salud, sino tambi\u00e9n la salud y el bienestar de toda la comunidad. Espec\u00edficamente me refer\u00eda a las oportunidades dentro del sistema educativo para que los j\u00f3venes biling\u00fces ampl\u00eden su biling\u00fcismo, desarrollen habilidades de lecto-escritura en dos o m\u00e1s idiomas y aprendan a usar sus idiomas de manera efectiva en contextos profesionales.<\/p>\n\n\n\n<p class=\"has-medium-font-size\" id=\"viewer-1paj9\">Hay m\u00e1s de 112 idiomas que se hablan en los hogares de los estudiantes que asisten a las Escuelas P\u00fablicas de Wichita, y el espa\u00f1ol es, por mucho, el idioma m\u00e1s com\u00fanmente hablado adem\u00e1s del ingl\u00e9s. Casi el 38% (17,624) de los estudiantes del distrito son hispanos\/latinos, y aproximadamente la mitad de esos estudiantes hablan espa\u00f1ol en casa.<\/p>\n\n\n\n<p class=\"has-medium-font-size\" id=\"viewer-54q81\">En mi experiencia como profesora de espa\u00f1ol, una de las principales razones por las que los estudiantes latinos en Kansas eligen mantener y desarrollar su idioma espa\u00f1ol y sus habilidades de lecto-escritura es poder apoyar en el futuro la salud de su comunidad latina en Kansas, ya sea brindando servicios profesionales de interpretaci\u00f3n m\u00e9dica, convirti\u00e9ndose en proveedores de servicios m\u00e9dicos biling\u00fces calificados, educando a j\u00f3venes de habla hispana o usando el espa\u00f1ol en otra profesi\u00f3n de servicio.<\/p>\n\n\n\n<p class=\"has-medium-font-size translation-block\" id=\"viewer-ebe2d\">Brindar servicios a miembros ling\u00fc\u00edsticamente diversos de la comunidad de manera segura y equitativa requiere mucho m\u00e1s que ser biling\u00fce. Para ser un int\u00e9rprete m\u00e9dico calificado, uno debe tener una amplia <a target=\"_blank\" href=\"https:\/\/www.cultureandlanguage.net\/trainings\" rel=\"noopener\">capacitaci\u00f3n<\/a> en protocolos, \u00e9tica, lenguaje espec\u00edfico en el \u00e1rea y llevar a cabo m\u00faltiples funciones. Los traductores (profesionales que traducen documentos escritos a otro idioma) deben tener excelentes habilidades de lecto-escritura tanto en el idioma de origen como en el de destino, y estudios de traducci\u00f3n.<\/p>\n\n\n\n<p class=\"has-medium-font-size translation-block\" id=\"viewer-bepsr\">Pero el primer paso para ayudar a los j\u00f3venes latinos biling\u00fces emergentes a convertirse en profesionales biling\u00fces es brindarles oportunidades educativas que apoyen mantener el idioma espa\u00f1ol y el desarrollo de la lecto-escritura. Esto puede comenzar desde la edad <a target=\"_blank\" href=\"https:\/\/link.springer.com\/book\/10.1007\/978-3-319-77228-8\" rel=\"noopener\">preescolar. <\/a><\/p>\n\n\n\n<p class=\"has-medium-font-size translation-block\" id=\"viewer-3mpt5\">En la cumbre, escuchamos al director de la Escuela Magnet en Dos Idiomas <a target=\"_blank\" href=\"https:\/\/www.usd259.org\/horacemann\" rel=\"noopener\">Horace Mann<\/a>, de K\u00ednder a 8vo grado, Joel Escarpita, sobre los beneficios educativos, personales, culturales, acad\u00e9micos y profesionales de recibir instrucci\u00f3n en dos idiomas en los niveles de escuela primaria e intermedia. Tambi\u00e9n aprendimos de <a target=\"_blank\" href=\"https:\/\/www.facebook.com\/photo\/?fbid=630563199116846&amp;set=gm.221008217405694&amp;idorvanity=213606094812573\" rel=\"noopener\">Jennifer Parga<\/a>, maestra de espa\u00f1ol de la preparatoria North High por muchos a\u00f1os, acerca de los cursos ofrecidos para estudiantes hablantes de herencia, nuestros estudiantes latinos que est\u00e1n expuestos al espa\u00f1ol en sus familias y comunidades aqu\u00ed en los EE. UU. La Sra. Parga explic\u00f3 que Wichita ha progresado en el desarrollo de programas de educaci\u00f3n del idioma de herencia desde que se identific\u00f3 la necesidad por primera vez en el a\u00f1o 2000, pero los cursos de espa\u00f1ol para estudiantes de herencia a\u00fan no se ofrecen en el nivel de escuela intermedia en el Distrito Escolar Unificado 259, a excepci\u00f3n de Horace Mann, un problema que me es familiar, ya que se nos dijo que mi hijo biling\u00fce de 11 a\u00f1os de edad, ser\u00eda colocado en primer a\u00f1o de espa\u00f1ol cuando comience el sexto grado en una escuela intermedia de Wichita este oto\u00f1o.<\/p>\n\n\n\n<p class=\"has-medium-font-size translation-block\" id=\"viewer-8thfi\">Durante la reuni\u00f3n, los padres de habla hispana preguntaron por qu\u00e9 era tan dif\u00edcil ingresar a Horace Mann; algunos de los hijos de nuestros participantes (y mi propio hijo) han estado en la lista de espera de Horace Mann antes de comenzar el prek\u00ednder y no han sido aceptados. Claramente existe la necesidad de mayores oportunidades de educaci\u00f3n en espa\u00f1ol para que m\u00e1s ni\u00f1os de Wichita puedan beneficiarse de la educaci\u00f3n biling\u00fce. El Sr. Escarpita tambi\u00e9n coment\u00f3 que se necesita una mayor continuidad entre las diferentes escuelas y los diferentes grados para crear un ruta para que los estudiantes biling\u00fces puedan obtener el <a target=\"_blank\" href=\"https:\/\/www.ksde.org\/Portals\/0\/CSAS\/ContentArea(M-Z)\/WorldLanguages\/Biliteracy_Certification\/KansasSealofBiliteracyInfographicPoster24x36.pdf?ver=2020-09-04-101009-580\" rel=\"noopener\">Sello de Biling\u00fcismo de Kansas<\/a>, una credencial que reconoce oficialmente a los graduados de la escuela preparatoria que han alcanzado \u00abniveles de competencia intermedio o avanzados en dos o m\u00e1s idiomas\u00bb.<\/p>\n\n\n\n<p class=\"has-medium-font-size translation-block\" id=\"viewer-95k51\">Como indic\u00f3 <a target=\"_blank\" href=\"https:\/\/www.facebook.com\/photo\/?fbid=630124282494071&amp;set=gm.220509810788868&amp;idorvanity=213606094812573\" rel=\"noopener\">Denise Menj\u00edvar<\/a>, candidata a grado de magister de Wichita State, en la presentaci\u00f3n de su investigaci\u00f3n en la cumbre, los maestros de espa\u00f1ol deben recibir capacitaci\u00f3n especializada para tratar las necesidades especiales de aprendizaje de los hablantes de herencia. Una de las barreras para poder ofrecer programas educativos adecuados para estudiantes biling\u00fces emergentes y hablantes de herencia hispana en Kansas es la falta de programas educativos con concentraci\u00f3n en la educaci\u00f3n biling\u00fce y de lengua de herencia para maestros. El <a target=\"_blank\" href=\"https:\/\/www.wichita.edu\/academics\/fairmount_college_of_liberal_arts_and_sciences\/mcll\/\" rel=\"noopener\">Departamento de Lenguas y Literatura Modernas y Cl\u00e1sicas<\/a> en la universidad Wichita State espera poder ofrecer una programaci\u00f3n m\u00e1s amplia sobre educaci\u00f3n en espa\u00f1ol en contextos multiling\u00fces en los pr\u00f3ximos a\u00f1os, cuando se contrate m\u00e1s profesorado en el departamento.<\/p>\n\n\n\n<p class=\"has-medium-font-size translation-block\" id=\"viewer-58rfu\">Adem\u00e1s de maestros calificados, la participaci\u00f3n de los padres tambi\u00e9n contribuye al \u00e9xito de los estudiantes en el desarrollo del biling\u00fcismo y en otras materias. En la cumbre, los padres de habla hispana compartieron que quieren involucrarse m\u00e1s en la educaci\u00f3n de sus hijos y que necesitan ayuda para superar las barreras del idioma para poder hacerlo. El distrito escolar USD 259 de Wichita tiene un departamento de <a target=\"_blank\" href=\"https:\/\/www.usd259.org\/Page\/2167\" rel=\"noopener\">Servicios de Educaci\u00f3n Multiling\u00fce <\/a> que incluye servicios de traducci\u00f3n y de ingl\u00e9s para hablantes de otros idiomas (ESOL, por sus siglas en ingl\u00e9s); a pesar de la existencia de estos servicios, algunos de los participantes de la cumbre describieron dificultades para comunicarse con los maestros y administradores debido a la barrera del idioma. Las experiencias de los participantes apuntan a la necesidad de la mejora de los sistemas para brindar servicios de acceso ling\u00fc\u00edstico dentro del sistema escolar. Por ejemplo, las conferencias de padres y maestros se pueden programar estrat\u00e9gicamente para permitir que haya servicios de interpretaci\u00f3n profesional para todos los padres que los necesiten.<\/p>\n\n\n\n<p class=\"has-medium-font-size translation-block\" id=\"viewer-a5f71\">La coordinadora de WSU Tech One Workforce, <a target=\"_blank\" href=\"https:\/\/www.facebook.com\/photo\/?fbid=630597172446782&amp;set=gm.221049137401602&amp;idorvanity=213606094812573\" rel=\"noopener\">Daisy Reyes<\/a>, hizo una presentaci\u00f3n en la cumbre sobre c\u00f3mo el <a target=\"_blank\" href=\"https:\/\/www.hhs.gov\/civil-rights\/for-individuals\/special-topics\/needy-families\/civil-rights-requirements\/index.html\" rel=\"noopener\">T\u00edtulo VI de la Ley de Derechos Civiles de 1964<\/a> y las decisiones posteriores de la corte suprema requieren que las escuelas brinden servicios educativos de apoyo para estudiantes ling\u00fc\u00edsticamente diversos y servicios de interpretaci\u00f3n para los padres que los necesitan. Las conversaciones que tuvieron efecto antes y despu\u00e9s de la presentaci\u00f3n de la Sra. Reyes indicaron que algunos padres de habla hispana en Wichita no conocen sus derechos civiles en relaci\u00f3n a los servicios multiling\u00fces o no se sienten empoderados para exigir que se respeten esos derechos. Por lo tanto, el grupo determin\u00f3 que la educaci\u00f3n comunitaria sobre los derechos civiles en la educaci\u00f3n es vital para la equidad educativa en las comunidades latinas.<\/p>\n\n\n\n<p class=\"has-medium-font-size\" id=\"viewer-e7ssj\">Para que la comunidad latina en Kansas logre la equidad en la salud, se debe priorizar el multiling\u00fcismo, el desarrollo de la lectoescritura biling\u00fce y el apoyo a los padres latinos en el sistema de escuelas p\u00fablicas.<\/p>\n\n\n\n<p class=\"has-medium-font-size translation-block\" id=\"viewer-8537r\">Los l\u00edderes educativos que asistieron a la cumbre determinaron que el pr\u00f3ximo paso para apoyar el multiling\u00fcismo de nuestra juventud latina es crear un documento informativo explicando nuestros pr\u00f3ximos pasos recomendados a los responsables de la formulaci\u00f3n de pol\u00edticas, como los administradores educativos. Si desea ser parte de la creaci\u00f3n de este documento, por favor env\u00edeme un correo electr\u00f3nico a <a target=\"_blank\" href=\"mailto:rachel.showstack@wichita.edu\" rel=\"noopener\">rachel.showstack@wichita.edu<\/a>.<\/p>\n\n\n\n<p class=\"has-medium-font-size translation-block\" id=\"viewer-56nkf\">La panelista de la cumbre, <a target=\"_blank\" href=\"https:\/\/csumb.edu\/teach\/monterey-institute-english-learners\/about-director\/\" rel=\"noopener\">Dra. Suzanne Garc\u00eda-Mateus<\/a>, de la Universidad Estatal de California  Monterey Bay, nos record\u00f3 elogiar el espa\u00f1ol de nuestros hijos  y elegir miembros de la Junta de Educaci\u00f3n que entiendan el valor del multiling\u00fcismo. Las elecciones de la Junta de Educaci\u00f3n de las Escuelas P\u00fablicas de Wichita ser\u00e1n el 7 de noviembre de 2023.<\/p>\n\n\n\n<p class=\"has-medium-font-size translation-block\" id=\"viewer-cc58j\"><a target=\"_blank\" href=\"https:\/\/alcesuvoz.wichita.edu\/es\/\" rel=\"noopener\"><em>Alce su voz<\/em><\/a><em> es una coalici\u00f3n basada en la comunidad cuya misi\u00f3n es mejorar la equidad en la salud de los hispanohablantes y los hablantes de lenguas ind\u00edgenas en los Estados Unidos, enfoc\u00e1ndose en Kansas y el medio oeste. Para mayor informaci\u00f3n o para participar, por favor env\u00ede un correo electr\u00f3nico a <\/em><a target=\"_blank\" href=\"mailto:alcesuvoz@gmail.com\" rel=\"noopener\"><em>alcesuvoz@gmail.com<\/em><\/a><em>. Tambi\u00e9n puede <\/em><a target=\"_blank\" href=\"https:\/\/lp.constantcontactpages.com\/su\/BGdfhkV\" rel=\"noopener\"><em>suscribirse a nuestra lista de correo<\/em><\/a><em> y seguirnos en <\/em><a target=\"_blank\" href=\"https:\/\/www.facebook.com\/profile.php?id=100064895134005\" rel=\"noopener\"><em>Facebook<\/em><\/a><em>.<\/em><\/p>\n\n\n\n<p class=\"has-small-font-size translation-block\"><em>Esta publicaci\u00f3n fue financiada por la Oficina de Salud de las Minor\u00edas (OMH, por sus siglas en ingl\u00e9s) del Departamento de Salud y Servicios Humanos de los Estados Unidos (HHS, por sus siglas en ingl\u00e9s) como parte de una subvenci\u00f3n financiera por un total de $375,000 con 100 por ciento de financiamiento de OMH\/OASH\/HHS. El contenido es de los autores y no representa necesariamente el punto de vista oficial ni es avalado por la OMH\/OASH\/HHS o el Gobierno de los Estados Unidos. Para mayor informaci\u00f3n, visite <\/em><a target=\"_blank\" href=\"https:\/\/www.minorityhealth.hhs.gov\/\" rel=\"noopener\"><em>https:\/\/www.minorityhealth.hhs.gov\/<\/em><\/a><\/p>","protected":false},"excerpt":{"rendered":"<p>By Rachael Showstack Education has long been considered a \u201csocial determinant of health\u201d (SoDH), or a condition in which people live that affects their overall &#8230; <a title=\"Apoyando el multiling\u00fcismo en la educaci\u00f3n p\u00fablica para la equidad en la salud en Kansas\" class=\"read-more\" href=\"https:\/\/alcesuvoz.wichita.edu\/es\/2023\/06\/05\/supporting-multilingualism-for-health-equity-in-public-education-in-kansas-2\/\" aria-label=\"Leer m\u00e1s sobre Supporting Multilingualism for Health Equity in Public Education in Kansas\">Read more<\/a><\/p>","protected":false},"author":3,"featured_media":240,"comment_status":"closed","ping_status":"open","sticky":false,"template":"","format":"standard","meta":{"_EventAllDay":false,"_EventTimezone":"","_EventStartDate":"","_EventEndDate":"","_EventStartDateUTC":"","_EventEndDateUTC":"","_EventShowMap":false,"_EventShowMapLink":false,"_EventURL":"","_EventCost":"","_EventCostDescription":"","_EventCurrencySymbol":"","_EventCurrencyCode":"","_EventCurrencyPosition":"","_EventDateTimeSeparator":"","_EventTimeRangeSeparator":"","_EventOrganizerID":[],"_EventVenueID":[],"_OrganizerEmail":"","_OrganizerPhone":"","_OrganizerWebsite":"","_VenueAddress":"","_VenueCity":"","_VenueCountry":"","_VenueProvince":"","_VenueState":"","_VenueZip":"","_VenuePhone":"","_VenueURL":"","_VenueStateProvince":"","_VenueLat":"","_VenueLng":"","_VenueShowMap":false,"_VenueShowMapLink":false,"footnotes":""},"categories":[13],"tags":[],"class_list":["post-2055","post","type-post","status-publish","format-standard","has-post-thumbnail","hentry","category-blogs","infinite-scroll-item","generate-columns","tablet-grid-50","mobile-grid-100","grid-parent","grid-50","resize-featured-image"],"_links":{"self":[{"href":"https:\/\/alcesuvoz.wichita.edu\/es\/wp-json\/wp\/v2\/posts\/2055","targetHints":{"allow":["GET"]}}],"collection":[{"href":"https:\/\/alcesuvoz.wichita.edu\/es\/wp-json\/wp\/v2\/posts"}],"about":[{"href":"https:\/\/alcesuvoz.wichita.edu\/es\/wp-json\/wp\/v2\/types\/post"}],"author":[{"embeddable":true,"href":"https:\/\/alcesuvoz.wichita.edu\/es\/wp-json\/wp\/v2\/users\/3"}],"replies":[{"embeddable":true,"href":"https:\/\/alcesuvoz.wichita.edu\/es\/wp-json\/wp\/v2\/comments?post=2055"}],"version-history":[{"count":2,"href":"https:\/\/alcesuvoz.wichita.edu\/es\/wp-json\/wp\/v2\/posts\/2055\/revisions"}],"predecessor-version":[{"id":2058,"href":"https:\/\/alcesuvoz.wichita.edu\/es\/wp-json\/wp\/v2\/posts\/2055\/revisions\/2058"}],"wp:featuredmedia":[{"embeddable":true,"href":"https:\/\/alcesuvoz.wichita.edu\/es\/wp-json\/wp\/v2\/media\/240"}],"wp:attachment":[{"href":"https:\/\/alcesuvoz.wichita.edu\/es\/wp-json\/wp\/v2\/media?parent=2055"}],"wp:term":[{"taxonomy":"category","embeddable":true,"href":"https:\/\/alcesuvoz.wichita.edu\/es\/wp-json\/wp\/v2\/categories?post=2055"},{"taxonomy":"post_tag","embeddable":true,"href":"https:\/\/alcesuvoz.wichita.edu\/es\/wp-json\/wp\/v2\/tags?post=2055"}],"curies":[{"name":"wp","href":"https:\/\/api.w.org\/{rel}","templated":true}]}}