{"id":1139,"date":"2024-09-07T17:29:14","date_gmt":"2024-09-07T22:29:14","guid":{"rendered":"https:\/\/alcesuvoz.wichita.edu\/?p=1139"},"modified":"2025-06-17T20:12:07","modified_gmt":"2025-06-18T01:12:07","slug":"alce-su-voz-from-2020-to-today","status":"publish","type":"post","link":"https:\/\/alcesuvoz.wichita.edu\/es\/2024\/09\/07\/alce-su-voz-from-2020-to-today\/","title":{"rendered":"Alce su Voz del 2020 hasta hoy"},"content":{"rendered":"<p>Por Rachel Showstack<\/p>\n\n\n\n<p class=\"translation-block\">Hace cuatro a\u00f1os, las actividades financiadas por subvenciones para un proyecto de salud comunitaria latina que estaba dirigiendo en Wichita estaban llegando a su fin, justo cuando el mundo se precipitaba hacia la mayor crisis de salud p\u00fablica de una generaci\u00f3n. En ese momento, ni siquiera pod\u00eda haber so\u00f1ado que la coalici\u00f3n que est\u00e1bamos empezando a construir se convertir\u00eda en lo que <a href=\"https:\/\/alcesuvoz.wichita.edu\/es\" rel=\"noreferrer noopener\" target=\"_blank\">Alce su Voz<\/a> se ha convertido hoy.<\/p>\n\n\n\n<p>El nombre Alce su Voz surgi\u00f3 cuando mi exalumna Jennifer Ram\u00edrez cre\u00f3 nuestra p\u00e1gina de Facebook en septiembre de 2020. Para conmemorar nuestro cuarto aniversario, me gustar\u00eda tomarme un tiempo para reflexionar sobre los hechos clave que nos han permitido ampliar nuestro impacto en la justicia ling\u00fc\u00edstica y la equidad en la salud para las comunidades latinas e ind\u00edgenas en todo Kansas.<\/p>\n\n\n\n<h3 class=\"wp-block-heading\"><strong>Se forma una coalici\u00f3n<\/strong><\/h3>\n\n\n\n<p class=\"translation-block\">Para agosto de 2020, con fondos del <a href=\"https:\/\/www.pcori.org\/\" rel=\"noreferrer noopener\" target=\"_blank\">Patient-Centered Outcomes Research Institute<\/a><sup data-fn=\"9d02d2d8-3bce-4471-83ca-75f18171aabe\" class=\"fn\"><a href=\"#9d02d2d8-3bce-4471-83ca-75f18171aabe\" id=\"9d02d2d8-3bce-4471-83ca-75f18171aabe-link\" target=\"_self\">1<\/a><\/sup>, hab\u00edamos realizado una serie de reuniones comunitarias en espa\u00f1ol para analizar los desaf\u00edos en el acceso al idioma en la atenci\u00f3n m\u00e9dica (por ejemplo, servicios de interpretaci\u00f3n y atenci\u00f3n en el mismo idioma) para pacientes de habla hispana, para identificar barreras y para explorar posibles soluciones. Tambi\u00e9n hab\u00edamos creado y difundido un <a href=\"https:\/\/youtu.be\/SBoPI0LFpKY?si=VBRaXg4A_7lALlfy\" rel=\"noreferrer noopener\" target=\"_blank\">video<\/a>  para compartir lo que hab\u00edamos aprendido.<\/p>\n\n\n\n<p class=\"translation-block\">Durante las reuniones comunitarias, pacientes de habla hispana y sus familiares, m\u00e9dicos e int\u00e9rpretes compartieron historias conmovedoras sobre experiencias en las que no se hab\u00edan proporcionado servicios calificados de acceso al idioma a los pacientes que los necesitaban, provocando a veces resultados negativos para la salud de los pacientes y <a href=\"https:\/\/www.youtube.com\/watch?v=TciN0d9EnC8\" rel=\"noreferrer noopener\" target=\"_blank\">argas emocionales para los seres queridos<\/a>  que intentaban ayudar.<\/p>\n\n\n\n<p>Despu\u00e9s de cambiar nuestras reuniones a Zoom en marzo de 2020, tambi\u00e9n cambiamos nuestro enfoque inmediato para abordar las desigualdades relacionadas con el idioma en respuesta a la pandemia mediante la entrega de bolsas de regalo en los vecindarios latinos con informaci\u00f3n sobre el COVID-19 en espa\u00f1ol y equipos de protecci\u00f3n personal. Nuestras actividades de ayuda a ra\u00edz de la pandemia solidificaron nuestro v\u00ednculo como equipo y, al mismo tiempo, continuamos desarrollando nuestra visi\u00f3n de largo plazo para mejorar el acceso ling\u00fc\u00edstico en la atenci\u00f3n m\u00e9dica en Kansas.<\/p>\n\n\n\n<p>Durante nuestras reuniones comunitarias, identificamos un conjunto de \u00e1reas en las que se podr\u00eda mejorar la calidad y el acceso a la atenci\u00f3n m\u00e9dica para los pacientes de habla hispana, y nos propusimos desarrollar planes para tratar esos problemas a trav\u00e9s de la educaci\u00f3n comunitaria, el desarrollo de la fuerza laboral y la participaci\u00f3n de los responsables de formulaci\u00f3n de pol\u00edticas.<\/p>\n\n\n\n<h3 class=\"wp-block-heading\"><strong>Se lleva el acceso ling\u00fc\u00edstico en la atenci\u00f3n m\u00e9dica al ojo p\u00fablico<\/strong><\/h3>\n\n\n\n<p>En el oto\u00f1o de 2020 y la primavera de 2021, nuestro enfoque cambi\u00f3 hacia crear conciencia entre los miembros de la comunidad de habla hispana sobre su derecho a servicios de interpretaci\u00f3n profesional calificados e involucrar a los administradores de atenci\u00f3n m\u00e9dica y legisladores en conversaciones sobre el acceso al idioma.<\/p>\n\n\n\n<p class=\"translation-block\">Facebook se convirti\u00f3 en un lugar importante para difundir informaci\u00f3n a trav\u00e9s de publicaciones educativas y eventos de <a href=\"https:\/\/www.facebook.com\/109582200927463\/videos\/933683577155838\" rel=\"noreferrer noopener\" target=\"_blank\">Facebook Live<\/a>, y gran parte de lo que aprendimos en el primer a\u00f1o del proyecto se presenta en nuestro <a href=\"https:\/\/khlaac.ks.gov\/docs\/librariesprovider5\/default-document-library\/language-access-policy-brief-january-2021.pdf?sfvrsn=fc268cc_6\" rel=\"noreferrer noopener\" target=\"_blank\">informe de pol\u00edticas<\/a> que se public\u00f3 en el sitio web de la\u00a0<a href=\"https:\/\/khlaac.ks.gov\/\" rel=\"noreferrer noopener\" target=\"_blank\">Comisi\u00f3n de Asuntos Hispanos y Latinoamericanos de Kansas<\/a>.<\/p>\n\n\n\n<p class=\"translation-block\">Cuando nos pusimos en contacto con los legisladores de Kansas sobre la necesidad de una supervisi\u00f3n a nivel estatal de las pol\u00edticas y procedimientos de acceso ling\u00fc\u00edstico en las instituciones de atenci\u00f3n m\u00e9dica de Kansas, encontramos una excelente propulsora en la \u00a0<a href=\"https:\/\/www.kslegislature.org\/li\/b2023_24\/members\/rep_ruiz_susan_1\/\" rel=\"noreferrer noopener\" target=\"_blank\">diputada estatal Susan Ruiz<\/a>, quien contin\u00faa apoyando nuestros esfuerzos hasta el d\u00eda de hoy.<\/p>\n\n\n\n<p class=\"translation-block\">En la primavera de 2021, un grupo de estudiantes del curso de Campa\u00f1as de Mercadeo Integrado de la <a href=\"https:\/\/www.wichita.edu\/profiles\/academics\/business\/leadership-team\/-Dr.LisaParcell.php\" rel=\"noreferrer noopener\" target=\"_blank\">doctora Lisa Parcell<\/a> dise\u00f1\u00f3 nuestro logotipo, cre\u00f3 nuestro sitio web y desarroll\u00f3 nuestro plan de mercadeo. Para ese verano, hab\u00edamos sido reconocidos por l\u00edderes latinos y organizaciones de equidad en la salud en todo el estado y hab\u00edamos construido las conexiones y la reputaci\u00f3n necesarias para la siguiente fase de nuestro trabajo.<\/p>\n\n\n\n<h3 class=\"wp-block-heading\"><strong>Talleres comunitarios sobre el acceso a la atenci\u00f3n m\u00e9dica y participaci\u00f3n c\u00edvica<\/strong><\/h3>\n\n\n\n<p class=\"translation-block\">Gracias al apoyo de <a href=\"https:\/\/kansashealth.org\/\" rel=\"noreferrer noopener\" target=\"_blank\">Kansas Health Foundation<\/a>, 2022 marc\u00f3 el inicio de nuestros talleres de educaci\u00f3n comunitaria presenciales.<\/p>\n\n\n\n<p class=\"translation-block\">En colaboraci\u00f3n con la organizaci\u00f3n latina de promotores de salud comunitarios, <a href=\"https:\/\/www.saludmasbienestar.org\/\" rel=\"noreferrer noopener\" target=\"_blank\">Salud + Bienestar<\/a>, ofrecimos nuestra primera serie de talleres de educaci\u00f3n comunitaria en espa\u00f1ol, enfocados en el acceso a la atenci\u00f3n m\u00e9dica para los habitantes de habla hispana de Kansas, en la primavera de 2022. Los temas de los talleres surgieron directamente de las necesidades identificadas en nuestras reuniones comunitarias de 2020: (1) el derecho del paciente a un int\u00e9rprete profesional calificado (un evento presencial que tambi\u00e9n se <a href=\"https:\/\/www.facebook.com\/109582200927463\/videos\/238228925117784\" rel=\"noreferrer noopener\" target=\"_blank\">transmiti\u00f3 en vivo en Facebook<\/a>, (2) c\u00f3mo obtener un seguro m\u00e9dico (aseguranza) y pagar por la atenci\u00f3n m\u00e9dica, (3) entender la informaci\u00f3n de salud p\u00fablica y (4) compartir su historia.<\/p>\n\n\n\n<p class=\"translation-block\">El taller final de la primera serie Comparte tu testimonio: C\u00f3mo hacer que tu voz se escuche, dirigido por la organizadora comunitaria <a href=\"https:\/\/www.kslatinotable.org\/activities\" rel=\"noreferrer noopener\" target=\"_blank\">Aud\u00e9 Negrete<\/a>, directora de Kansas Latino Community Network, y la abogada y maestra Catalina Velarde, se centr\u00f3 en c\u00f3mo los habitantes de Kansas que hablan espa\u00f1ol pueden hacer un impacto en la opini\u00f3n p\u00fablica y en la pol\u00edtica al usar sus propias voces e historias personales de atenci\u00f3n m\u00e9dica para requerir mejores servicios de acceso al idioma en la atenci\u00f3n m\u00e9dica.<\/p>\n\n\n\n<p class=\"translation-block\">A partir de ese taller, y del <a href=\"https:\/\/www.wichita.edu\/about\/wsunews\/news\/2022\/10-oct\/showstack_4.php\" rel=\"noreferrer noopener\" target=\"_blank\">pensamiento innovador de la administradora del programa de Alce su Voz, Savannah Paschal<\/a>, cuando era estudiante de pregrado en WSU, Alce su Voz desarroll\u00f3 una orientaci\u00f3n hacia la <a href=\"https:\/\/alcesuvoz.wichita.edu\/es\/2023\/09\/25\/civic-conversations-for-health-equity\/\" rel=\"noreferrer noopener\" target=\"_blank\">participaci\u00f3n c\u00edvica para la equidad en la salud<\/a> en las comunidades latinas, y desde entonces hemos ofrecido una variedad de talleres de participaci\u00f3n c\u00edvica y hemos producido una continua campa\u00f1a medi\u00e1tica biling\u00fce para fomentar la participaci\u00f3n c\u00edvica.<\/p>\n\n\n\n<p>Los cimientos establecidos a trav\u00e9s de nuestra participaci\u00f3n y educaci\u00f3n comunitaria en Wichita allanaron el camino para una expansi\u00f3n masiva de nuestras iniciativas en 2023.<\/p>\n\n\n\n<h3 class=\"wp-block-heading\"><strong>Fondos federales para el acceso ling\u00fc\u00edstico y la equidad en las vacunas<\/strong><\/h3>\n\n\n\n<p class=\"translation-block\">El siguiente hito importante fue la selecci\u00f3n de Alce su Voz para llevar a cabo la iniciativa de <a href=\"https:\/\/www.hhs.gov\/about\/news\/2022\/10\/06\/hhs-takes-action-break-language-barriers.html\" rel=\"noreferrer noopener\" target=\"_blank\"><i>Promoci\u00f3n del acceso equitativo a los servicios ling\u00fc\u00edsticos en la salud y los servicios humanos<\/i><\/a> de la Oficina de Salud para las Minor\u00edas del Departamento de Salud y Servicios Humanos de los Estados Unidos (OMH DHHS, por sus siglas en ingl\u00e9s). Como parte de las once organizaciones seleccionadas en todo Estados Unidos para esta iniciativa de tres a\u00f1os, hemos tenido la oportunidad de ampliar enormemente nuestros esfuerzos para mejorar el acceso ling\u00fc\u00edstico para la atenci\u00f3n m\u00e9dica mediante la educaci\u00f3n comunitaria, el desarrollo de la fuerza laboral y la investigaci\u00f3n de pol\u00edticas, y hemos ampliado nuestra formaci\u00f3n de coaliciones a los condados de Seward, Finney, Ford y Cowley.<\/p>\n\n\n\n<p class=\"translation-block\">El financiamiento mediante la subvenci\u00f3n otorgada por OMH DHHS nos ha permitido forjar nuestros recursos de desarrollo de la fuerza laboral con nuestro Equipo de Educaci\u00f3n y Participaci\u00f3n de Int\u00e9rpretes dirigido por <a href=\"https:\/\/www.linkedin.com\/in\/translationsspanishadhoc\/\" rel=\"noreferrer noopener\" target=\"_blank\">Rommy Vargas Bezzubikoff<\/a>, presidente ejecutiva de Spanish Ad Hoc Translations, y nuestro equipo de Educaci\u00f3n Cl\u00ednica, dirigido por la doctora <a href=\"https:\/\/www.kumc.edu\/cloo-gross.html\" rel=\"noreferrer noopener\" target=\"_blank\">Colleen Loo-Gross<\/a> del Departamento de Medicina Familiar y Comunitaria de KU-Wichita. Tambi\u00e9n ha apoyado nuestra iniciativa de investigaci\u00f3n de pol\u00edticas, lo que incluy\u00f3 un proyecto de investigaci\u00f3n de pol\u00edticas de acceso ling\u00fc\u00edstico dirigido por la doctora \u00a0<a href=\"https:\/\/www.wichita.edu\/profiles\/academics\/health_professions\/public_health_sciences\/01-leadership\/Keene-Woods-Nikki.php\" rel=\"noreferrer noopener\" target=\"_blank\">Nikki Keene Woods<\/a> del Departamento de Ciencias de Salud P\u00fablica de WSU, una <a href=\"https:\/\/alcesuvoz.wichita.edu\/es\/2023\/11\/03\/advancing-language-access-after-topeka-summit\/\" rel=\"noreferrer noopener\" target=\"_blank\">Cumbre de Pol\u00edticas de Acceso Ling\u00fc\u00edstico<\/a> en Topeka y un pr\u00f3ximo informe t\u00e9cnico sobre la pol\u00edtica de acceso ling\u00fc\u00edstico en la atenci\u00f3n m\u00e9dica en Kansas.<\/p>\n\n\n\n<p class=\"translation-block\">Mientras tanto, en respuesta a las necesidades identificadas por los l\u00edderes estatales de atenci\u00f3n m\u00e9dica, Alce su Voz ampli\u00f3 sus esfuerzos para incluir un enfoque en las comunidades mayas del sur de Kansas al recibir la subvenci\u00f3n <a href=\"https:\/\/www.increasethereach.com\/#:~:text=TheIncreasetheReachGrant,tobestcombatthepandemic.\" rel=\"noreferrer noopener\" target=\"_blank\"><i>Increase the Reach<\/i><\/a> del Departamento de Salud y Medio Ambiente de Kansas. Esta subvenci\u00f3n, administrada por Monique Garc\u00eda y Geovannie Gone de la <a href=\"https:\/\/immunizekansascoalition.org\/our-team.aspx\" rel=\"noreferrer noopener\" target=\"_blank\">Immunize Kansas Coalition<\/a>, nos permiti\u00f3 construir coaliciones con comunidades mayas en <a href=\"https:\/\/alcesuvoz.wichita.edu\/es\/2023\/05\/01\/taking-alce-su-voz-workshops-to-southwest-kansas-provides-information-about-barriers-to-health-care\/\" rel=\"noreferrer noopener\" target=\"_blank\">Dodge City<\/a>,\u00a0<a href=\"https:\/\/alcesuvoz.wichita.edu\/es\/2023\/11\/09\/alce-su-voz-builds-ark-city-community-coalition-with-speakers-of-four-mayan-languages\/\" rel=\"noreferrer noopener\" target=\"_blank\">Ark City<\/a> y \u00a0<a href=\"https:\/\/alcesuvoz.wichita.edu\/es\/2023\/04\/26\/building-a-coalition-with-mayan-communities-in-coffeyville\/\" rel=\"noreferrer noopener\" target=\"_blank\">Coffeyville<\/a>, para la equidad en la salud.<\/p>\n\n\n\n<p>Denise Romero de Salud + Bienestar ha liderado nuestros esfuerzos de participaci\u00f3n y educaci\u00f3n comunitaria para ambos proyectos, y tuvimos mucha suerte de contratar a una administradora de programa de tiempo completo, Elizabeth Ram\u00edrez, para unirse al proyecto OMH DHHS en octubre de 2023.<\/p>\n\n\n\n<h3 class=\"wp-block-heading\"><strong>Desarrollo de capacidad en colaboraci\u00f3n con <i>Kansas Health Foundation<\/i><\/strong><\/h3>\n\n\n\n<p class=\"translation-block\">En 2024, Alce su Voz se est\u00e1 enfocando en el desarrollo de capacidades con el apoyo de la iniciativa <a href=\"https:\/\/kansashealth.org\/2024\/01\/19\/bpep_announcement\/\" rel=\"noreferrer noopener\" target=\"_blank\">Building Power and Equity Partnership with the Kansas Health Foundation<\/a>, y por esto estamos especialmente agradecidos con nuestro funcionario del programa, <a href=\"https:\/\/kansashealth.org\/our-people\/details\/juston-white\/\" rel=\"noreferrer noopener\" target=\"_blank\">Juston White<\/a>, quien nos est\u00e1 apoyando a lo largo de los procesos para establecer nuestro plan estrat\u00e9gico para maximizar nuestro impacto en la comunidad. Ello nos ha permitido participar en reuniones de planificaci\u00f3n estrat\u00e9gica del equipo facilitadas por el <a href=\"https:\/\/communityengagementinstitute.org\/centers-and-initiatives\/cod\/\" rel=\"noreferrer noopener\" target=\"_blank\">Centro de Desarrollo Organizacional<\/a> del <i>Community Engagement Institute<\/i> de <i>Wichita State University<\/i> y contratar a una nueva Directora de Medios, estudiante graduada de WSU y experimentada l\u00edder comunitaria latina, Arely Navarrete Vel\u00e1zquez.<\/p>\n\n\n\n<p>Con un personal cada vez mayor de personas brillantes, creativas y dedicadas, una comunidad leal que nos sigue en Wichita y una participaci\u00f3n cada vez mayor en las zonas rurales del sur de Kansas, una misi\u00f3n y visi\u00f3n persistentes, y m\u00faltiples subvenciones federales, estatales y de fundaciones, hemos ampliado enormemente nuestra capacidad para trabajar por la justicia ling\u00fc\u00edstica y la equidad en la salud de las comunidades multiling\u00fces de Kansas.<\/p>\n\n\n\n<p>Para apoyar este proceso de desarrollo de capacidades, \u00fanete a nosotros en nuestros esfuerzos para promover la justicia ling\u00fc\u00edstica y la equidad en la salud en Kansas. Mantente involucrado en nuestra comunidad para ayudar a garantizar que todos tengan acceso a la atenci\u00f3n y los servicios que necesitan.<\/p>\n\n\n\n<p><a href=\"https:\/\/alcesuvoz.wichita.edu\/es\/\" target=\"_blank\" rel=\"noreferrer noopener\"><em>Alce su voz<\/em><\/a><em>&nbsp;es una iniciativa basada en la comunidad de&nbsp;<\/em><a href=\"https:\/\/www.wichita.edu\/\" target=\"_blank\" rel=\"noreferrer noopener\"><em>Wichita State University<\/em><\/a><em>&nbsp;cuya misi\u00f3n es mejorar la equidad en la salud de los hispanohablantes y hablantes de lenguas ind\u00edgenas en los Estados Unidos, con un enfoque en Kansas y el medio oeste. Para obtener mayor informaci\u00f3n o para participar, env\u00ede un correo electr\u00f3nico a&nbsp;<u>alcesuvoz@wichita.edu<\/u>. Tambi\u00e9n puede&nbsp;<\/em><a href=\"https:\/\/lp.constantcontactpages.com\/su\/BGdfhkV\" target=\"_blank\" rel=\"noreferrer noopener\"><em>unirse a nuestra lista de correo electr\u00f3nico<\/em><\/a><em>&nbsp;y seguirnos en&nbsp;<\/em><a href=\"https:\/\/www.facebook.com\/profile.php?id=100064895134005\" target=\"_blank\" rel=\"noreferrer noopener\"><em>Facebook<\/em><\/a><em>,&nbsp;<\/em><a href=\"https:\/\/www.instagram.com\/alcesuvoz\/\" target=\"_blank\" rel=\"noreferrer noopener\"><em>Instagram<\/em><\/a><em>, and LinkedIn.<\/em><\/p>\n\n\n<ol class=\"wp-block-footnotes\"><li id=\"9d02d2d8-3bce-4471-83ca-75f18171aabe\">Federal Award #88488-TOSU <a href=\"#9d02d2d8-3bce-4471-83ca-75f18171aabe-link\" aria-label=\"Saltar a la referencia de la nota al pie 1\">\u21a9\ufe0e<\/a><\/li><\/ol>","protected":false},"excerpt":{"rendered":"<p>By Rachel Showstack Four years ago, the grant-funded activities for a Latine community health project I was leading in Wichita were coming to an end, &#8230; <a title=\"Alce su Voz del 2020 hasta hoy\" class=\"read-more\" href=\"https:\/\/alcesuvoz.wichita.edu\/es\/2024\/09\/07\/alce-su-voz-from-2020-to-today\/\" aria-label=\"Leer m\u00e1s sobre Alce su Voz from 2020 to Today\">Read more<\/a><\/p>","protected":false},"author":3,"featured_media":1184,"comment_status":"closed","ping_status":"open","sticky":false,"template":"","format":"standard","meta":{"_EventAllDay":false,"_EventTimezone":"","_EventStartDate":"","_EventEndDate":"","_EventStartDateUTC":"","_EventEndDateUTC":"","_EventShowMap":false,"_EventShowMapLink":false,"_EventURL":"","_EventCost":"","_EventCostDescription":"","_EventCurrencySymbol":"","_EventCurrencyCode":"","_EventCurrencyPosition":"","_EventDateTimeSeparator":"","_EventTimeRangeSeparator":"","_EventOrganizerID":[],"_EventVenueID":[],"_OrganizerEmail":"","_OrganizerPhone":"","_OrganizerWebsite":"","_VenueAddress":"","_VenueCity":"","_VenueCountry":"","_VenueProvince":"","_VenueState":"","_VenueZip":"","_VenuePhone":"","_VenueURL":"","_VenueStateProvince":"","_VenueLat":"","_VenueLng":"","_VenueShowMap":false,"_VenueShowMapLink":false,"footnotes":"[{\"content\":\"Federal Award #88488-TOSU\",\"id\":\"9d02d2d8-3bce-4471-83ca-75f18171aabe\"}]"},"categories":[13],"tags":[],"class_list":["post-1139","post","type-post","status-publish","format-standard","has-post-thumbnail","hentry","category-blogs","infinite-scroll-item","generate-columns","tablet-grid-50","mobile-grid-100","grid-parent","grid-50","resize-featured-image"],"_links":{"self":[{"href":"https:\/\/alcesuvoz.wichita.edu\/es\/wp-json\/wp\/v2\/posts\/1139","targetHints":{"allow":["GET"]}}],"collection":[{"href":"https:\/\/alcesuvoz.wichita.edu\/es\/wp-json\/wp\/v2\/posts"}],"about":[{"href":"https:\/\/alcesuvoz.wichita.edu\/es\/wp-json\/wp\/v2\/types\/post"}],"author":[{"embeddable":true,"href":"https:\/\/alcesuvoz.wichita.edu\/es\/wp-json\/wp\/v2\/users\/3"}],"replies":[{"embeddable":true,"href":"https:\/\/alcesuvoz.wichita.edu\/es\/wp-json\/wp\/v2\/comments?post=1139"}],"version-history":[{"count":5,"href":"https:\/\/alcesuvoz.wichita.edu\/es\/wp-json\/wp\/v2\/posts\/1139\/revisions"}],"predecessor-version":[{"id":1582,"href":"https:\/\/alcesuvoz.wichita.edu\/es\/wp-json\/wp\/v2\/posts\/1139\/revisions\/1582"}],"wp:featuredmedia":[{"embeddable":true,"href":"https:\/\/alcesuvoz.wichita.edu\/es\/wp-json\/wp\/v2\/media\/1184"}],"wp:attachment":[{"href":"https:\/\/alcesuvoz.wichita.edu\/es\/wp-json\/wp\/v2\/media?parent=1139"}],"wp:term":[{"taxonomy":"category","embeddable":true,"href":"https:\/\/alcesuvoz.wichita.edu\/es\/wp-json\/wp\/v2\/categories?post=1139"},{"taxonomy":"post_tag","embeddable":true,"href":"https:\/\/alcesuvoz.wichita.edu\/es\/wp-json\/wp\/v2\/tags?post=1139"}],"curies":[{"name":"wp","href":"https:\/\/api.w.org\/{rel}","templated":true}]}}